{"id":2482,"date":"2013-11-21T16:55:14","date_gmt":"2013-11-21T15:55:14","guid":{"rendered":"http:\/\/www.usability-lab.pl\/?p=2482"},"modified":"2020-10-21T09:46:47","modified_gmt":"2020-10-21T07:46:47","slug":"wud-wro-2013-relacja","status":"publish","type":"post","link":"https:\/\/www.usability-lab.pl\/pl\/wud-wro-2013-relacja\/","title":{"rendered":"WUD WRO 2013 &#8211; relacja"},"content":{"rendered":"<p>WUD WRO 2013, czyli wroc\u0142awska edycja tegorocznego World Usability Day ju\u017c za nami. By\u0142o ciekawie, konkretnie \u2013 i przede wszystkim: praktycznie.<!--more-->WUD WRO 2013 odby\u0142 si\u0119 16 listopada w Centrum Rozwoju Zawodowego Krzywy Komin. Tematem tegorocznej edycji by\u0142o \u201cHealthcare: Collaborating for better systems\u201d. Pocz\u0105tkowo zastanawia\u0142am si\u0119, czemu organizatorzy wybrali takie miejsce zamiast np. du\u017cej sali konferencyjnej czy auli uczelni. Odpowiedzi udzieli\u0142 mi program wydarzenia, kt\u00f3ry opr\u00f3cz kr\u00f3tkich wyst\u0105pie\u0144 os\u00f3b z bran\u017cy przewidywa\u0142 4 godziny pracy grupowej.<br \/>\nI w\u0142a\u015bnie na t\u0119 prac\u0119 grupow\u0105 pragn\u0119 zwr\u00f3ci\u0107 szczeg\u00f3ln\u0105 uwag\u0119 \u2013 to prawdopodobnie jedyny w taki spos\u00f3b ograny World Usability Day. Wielkie brawa dla organizator\u00f3w \u2013 za pomys\u0142 i za realizacj\u0119!<\/p>\n<p><img loading=\"lazy\" class=\"aligncenter wp-image-2483\" src=\"https:\/\/www.usability-lab.pl\/wp-content\/uploads\/2013\/11\/10922655636_1d94d69d07_b.jpg\" alt=\"World Usability Day 2013 - Usability LAB\" width=\"655\" height=\"437\" srcset=\"https:\/\/www.usability-lab.pl\/wp-content\/uploads\/10922655636_1d94d69d07_b.jpg 1024w, https:\/\/www.usability-lab.pl\/wp-content\/uploads\/10922655636_1d94d69d07_b-300x200.jpg 300w, https:\/\/www.usability-lab.pl\/wp-content\/uploads\/10922655636_1d94d69d07_b-768x512.jpg 768w\" sizes=\"(max-width: 655px) 100vw, 655px\" \/><\/p>\n<p>Jak to wygl\u0105da\u0142o?<\/p>\n<p>Organizatorzy przywitali wszystkich uczestnik\u00f3w, po czym odby\u0142y si\u0119 dwie kr\u00f3tkie prezentacje: \u201eWyzwania UX dla eZdrowia w Polsce\u201d (zarys kontekstu i tematyki) oraz \u201eInspiracje dla eZdrowia\u201d (pokazanie rozwi\u0105za\u0144 ze \u015bwiata, zwi\u0105zanych z bran\u017c\u0105 zdrowotn\u0105).<\/p>\n<p>Po prezentacjach przyszed\u0142 czas na prac\u0119 grupow\u0105. Zadanie by\u0142o jedno: stworzy\u0107 projekt produktu\/us\u0142ugi zwi\u0105zanej z tematem zdrowia \u2013 oczywi\u015bcie stosuj\u0105c metody UX, kt\u00f3re by\u0142y wpierw omawiane przez organizator\u00f3w oraz zaproszonych ekspert\u00f3w (m.in.: Jaros\u0142awa Kr\u00f3lewskiego, Joann\u0119 Sieniawsk\u0105, Rafa\u0142a Ko\u0142odzieja i Huberta Any\u017cewskiego).<\/p>\n<p><img loading=\"lazy\" class=\"wp-image-2486 aligncenter\" src=\"https:\/\/www.usability-lab.pl\/wp-content\/uploads\/2013\/11\/photo1.jpg\" alt=\"WUD WRO - praca w grupach \" width=\"597\" height=\"446\" srcset=\"https:\/\/www.usability-lab.pl\/wp-content\/uploads\/photo1.jpg 1200w, https:\/\/www.usability-lab.pl\/wp-content\/uploads\/photo1-300x224.jpg 300w, https:\/\/www.usability-lab.pl\/wp-content\/uploads\/photo1-768x574.jpg 768w, https:\/\/www.usability-lab.pl\/wp-content\/uploads\/photo1-1024x765.jpg 1024w\" sizes=\"(max-width: 597px) 100vw, 597px\" \/><br \/>\nPodczas pracy mo\u017cna by\u0142o, oczywi\u015bcie, konsultowa\u0107 projekt pod k\u0105tem usability z ekspertami, kt\u00f3rzy byli dost\u0119pni w tzw. \u201cpogotowiu mentorskim\u201d.<\/p>\n<p>Na koniec grono eksperckie dokona\u0142o analizy projekt\u00f3w i og\u0142osi\u0142o zwyci\u0119zcami grup\u0119, kt\u00f3ra stworzy\u0142a koncept urz\u0105dzenia-opaski do automatycznego pomiaru ci\u015bnienia, maj\u0105cej pom\u00f3c w diagnostyce os\u00f3b z problemami z nadci\u015bnieniem.<\/p>\n<p><img loading=\"lazy\" class=\"wp-image-2484 aligncenter\" src=\"https:\/\/www.usability-lab.pl\/wp-content\/uploads\/2013\/11\/10923119144_a4f53e61a1_b.jpg\" alt=\"WUD WRO 2013\" width=\"614\" height=\"410\" srcset=\"https:\/\/www.usability-lab.pl\/wp-content\/uploads\/10923119144_a4f53e61a1_b.jpg 1024w, https:\/\/www.usability-lab.pl\/wp-content\/uploads\/10923119144_a4f53e61a1_b-300x200.jpg 300w, https:\/\/www.usability-lab.pl\/wp-content\/uploads\/10923119144_a4f53e61a1_b-768x512.jpg 768w\" sizes=\"(max-width: 614px) 100vw, 614px\" \/><\/p>\n<p>Podsumowuj\u0105c: Na WUD WRO 2013 bawi\u0142am si\u0119 \u015bwietnie. Gratulacje dla organizator\u00f3w, kt\u00f3rzy stan\u0119li na wysoko\u015bci zadania. Czekam na nast\u0119pn\u0105 edycj\u0119 \ud83d\ude42<\/p>\n<p>Zdj\u0119cia za zgod\u0105 http:\/\/barbaralu.com<\/p>\n<p><strong>Sprawd\u017a te\u017c:<\/strong><br \/>\n<a href=\"https:\/\/www.usability-lab.pl\/pl\/raporty\/raport-wygodne-wyszukiwarki-w-e-commerce\/\"><span style=\"color: #007fac;\">Wyszukiwarki w e-commerce a user experience<\/span> <\/a><\/p>\n","protected":false},"excerpt":{"rendered":"<p>WUD WRO 2013, czyli wroc\u0142awska edycja tegorocznego World Usability Day ju\u017c za nami. By\u0142o ciekawie,&#8230; <a href=\"https:\/\/www.usability-lab.pl\/pl\/wud-wro-2013-relacja\/\" class=\"btn-excerpt more-link\" title=\"WUD WRO 2013 &#8211; relacja\">Wi\u0119cej<span class=\"meta-nav\">&rarr;<\/span><\/a><\/p>\n","protected":false},"author":7,"featured_media":2485,"comment_status":"open","ping_status":"open","sticky":false,"template":"","format":"standard","meta":[],"categories":[155],"tags":[161],"yoast_head":"<!-- This site is optimized with the Yoast SEO plugin v16.9 - https:\/\/yoast.com\/wordpress\/plugins\/seo\/ -->\n<meta name=\"description\" content=\"WUD WRO 2013 Relacja - Usability LAB &#x1F947; Projektujemy rozwi\u0105zania dla biznesu w duchu user experience i z wykorzystaniem najnowszych technologii.\" \/>\n<meta name=\"robots\" content=\"index, follow\" \/>\n<link rel=\"canonical\" href=\"https:\/\/www.usability-lab.pl\/pl\/wud-wro-2013-relacja\/\" \/>\n<meta property=\"og:locale\" content=\"pl_PL\" \/>\n<meta property=\"og:type\" content=\"article\" \/>\n<meta property=\"og:title\" content=\"WUD WRO 2013 Relacja - Usability LAB\" \/>\n<meta property=\"og:description\" content=\"WUD WRO 2013 Relacja - Usability LAB &#x1F947; Projektujemy rozwi\u0105zania dla biznesu w duchu user experience i z wykorzystaniem najnowszych technologii.\" \/>\n<meta property=\"og:url\" content=\"https:\/\/www.usability-lab.pl\/pl\/wud-wro-2013-relacja\/\" \/>\n<meta property=\"og:site_name\" content=\"UX Design, Service Design, Product Design, Badania UX - Usability LAB\" \/>\n<meta property=\"article:published_time\" content=\"2013-11-21T15:55:14+00:00\" \/>\n<meta property=\"article:modified_time\" content=\"2020-10-21T07:46:47+00:00\" \/>\n<meta property=\"og:image\" content=\"https:\/\/www.usability-lab.pl\/wp-content\/uploads\/photo-2.jpg\" \/>\n\t<meta property=\"og:image:width\" content=\"1200\" \/>\n\t<meta property=\"og:image:height\" content=\"896\" \/>\n<meta name=\"twitter:card\" content=\"summary_large_image\" \/>\n<meta name=\"twitter:label1\" content=\"Napisane przez\" \/>\n\t<meta name=\"twitter:data1\" content=\"Hanna Nielacna\" \/>\n\t<meta name=\"twitter:label2\" content=\"Szacowany czas czytania\" \/>\n\t<meta name=\"twitter:data2\" content=\"2 minuty\" \/>\n<script type=\"application\/ld+json\" class=\"yoast-schema-graph\">{\"@context\":\"https:\/\/schema.org\",\"@graph\":[{\"@type\":\"WebSite\",\"@id\":\"https:\/\/www.usability-lab.pl\/#website\",\"url\":\"https:\/\/www.usability-lab.pl\/\",\"name\":\"UX Design, Service Design, Product Design, Badania UX - Usability LAB\",\"description\":\"Jeste\\u015bmy agencj\\u0105 UX\/Service Design. Projektujemy rozwi\\u0105zania dla biznesu wykorzystuj\\u0105c podej\\u015bcie user centered design i znajomo\\u015b\\u0107 najnowszych technologii.\",\"potentialAction\":[{\"@type\":\"SearchAction\",\"target\":{\"@type\":\"EntryPoint\",\"urlTemplate\":\"https:\/\/www.usability-lab.pl\/?s={search_term_string}\"},\"query-input\":\"required name=search_term_string\"}],\"inLanguage\":\"pl-PL\"},{\"@type\":\"ImageObject\",\"@id\":\"https:\/\/www.usability-lab.pl\/pl\/wud-wro-2013-relacja\/#primaryimage\",\"inLanguage\":\"pl-PL\",\"url\":\"https:\/\/www.usability-lab.pl\/wp-content\/uploads\/photo-2.jpg\",\"contentUrl\":\"https:\/\/www.usability-lab.pl\/wp-content\/uploads\/photo-2.jpg\",\"width\":1200,\"height\":896,\"caption\":\"World Usability Day 2013 - relacja\"},{\"@type\":\"WebPage\",\"@id\":\"https:\/\/www.usability-lab.pl\/pl\/wud-wro-2013-relacja\/#webpage\",\"url\":\"https:\/\/www.usability-lab.pl\/pl\/wud-wro-2013-relacja\/\",\"name\":\"WUD WRO 2013 Relacja - Usability LAB\",\"isPartOf\":{\"@id\":\"https:\/\/www.usability-lab.pl\/#website\"},\"primaryImageOfPage\":{\"@id\":\"https:\/\/www.usability-lab.pl\/pl\/wud-wro-2013-relacja\/#primaryimage\"},\"datePublished\":\"2013-11-21T15:55:14+00:00\",\"dateModified\":\"2020-10-21T07:46:47+00:00\",\"author\":{\"@id\":\"https:\/\/www.usability-lab.pl\/#\/schema\/person\/c2cb0cceec481d13c2cb35d7565093e4\"},\"description\":\"WUD WRO 2013 Relacja - Usability LAB &#x1F947; Projektujemy rozwi\\u0105zania dla biznesu w duchu user experience i z wykorzystaniem najnowszych technologii.\",\"breadcrumb\":{\"@id\":\"https:\/\/www.usability-lab.pl\/pl\/wud-wro-2013-relacja\/#breadcrumb\"},\"inLanguage\":\"pl-PL\",\"potentialAction\":[{\"@type\":\"ReadAction\",\"target\":[\"https:\/\/www.usability-lab.pl\/pl\/wud-wro-2013-relacja\/\"]}]},{\"@type\":\"BreadcrumbList\",\"@id\":\"https:\/\/www.usability-lab.pl\/pl\/wud-wro-2013-relacja\/#breadcrumb\",\"itemListElement\":[{\"@type\":\"ListItem\",\"position\":1,\"name\":\"WUD WRO 2013 &#8211; relacja\"}]},{\"@type\":\"Person\",\"@id\":\"https:\/\/www.usability-lab.pl\/#\/schema\/person\/c2cb0cceec481d13c2cb35d7565093e4\",\"name\":\"Hanna Nielacna\",\"image\":{\"@type\":\"ImageObject\",\"@id\":\"https:\/\/www.usability-lab.pl\/#personlogo\",\"inLanguage\":\"pl-PL\",\"url\":\"https:\/\/secure.gravatar.com\/avatar\/?s=96&d=mm&r=g\",\"contentUrl\":\"https:\/\/secure.gravatar.com\/avatar\/?s=96&d=mm&r=g\",\"caption\":\"Hanna Nielacna\"}}]}<\/script>\n<!-- \/ Yoast SEO plugin. -->","yoast_head_json":{"description":"WUD WRO 2013 Relacja - Usability LAB &#x1F947; Projektujemy rozwi\u0105zania dla biznesu w duchu user experience i z wykorzystaniem najnowszych technologii.","robots":{"index":"index","follow":"follow"},"canonical":"https:\/\/www.usability-lab.pl\/pl\/wud-wro-2013-relacja\/","og_locale":"pl_PL","og_type":"article","og_title":"WUD WRO 2013 Relacja - Usability LAB","og_description":"WUD WRO 2013 Relacja - Usability LAB &#x1F947; Projektujemy rozwi\u0105zania dla biznesu w duchu user experience i z wykorzystaniem najnowszych technologii.","og_url":"https:\/\/www.usability-lab.pl\/pl\/wud-wro-2013-relacja\/","og_site_name":"UX Design, Service Design, Product Design, Badania UX - Usability LAB","article_published_time":"2013-11-21T15:55:14+00:00","article_modified_time":"2020-10-21T07:46:47+00:00","og_image":[{"width":1200,"height":896,"url":"https:\/\/www.usability-lab.pl\/wp-content\/uploads\/photo-2.jpg","path":"\/home\/hcdzpsd\/www\/wp-content\/uploads\/photo-2.jpg","size":"full","id":"2485","alt":"World Usability Day 2013 - relacja","pixels":1075200,"type":"image\/jpeg"}],"twitter_card":"summary_large_image","twitter_misc":{"Napisane przez":"Hanna Nielacna","Szacowany czas czytania":"2 minuty"},"schema":{"@context":"https:\/\/schema.org","@graph":[{"@type":"WebSite","@id":"https:\/\/www.usability-lab.pl\/#website","url":"https:\/\/www.usability-lab.pl\/","name":"UX Design, Service Design, Product Design, Badania UX - Usability LAB","description":"Jeste\u015bmy agencj\u0105 UX\/Service Design. Projektujemy rozwi\u0105zania dla biznesu wykorzystuj\u0105c podej\u015bcie user centered design i znajomo\u015b\u0107 najnowszych technologii.","potentialAction":[{"@type":"SearchAction","target":{"@type":"EntryPoint","urlTemplate":"https:\/\/www.usability-lab.pl\/?s={search_term_string}"},"query-input":"required name=search_term_string"}],"inLanguage":"pl-PL"},{"@type":"ImageObject","@id":"https:\/\/www.usability-lab.pl\/pl\/wud-wro-2013-relacja\/#primaryimage","inLanguage":"pl-PL","url":"https:\/\/www.usability-lab.pl\/wp-content\/uploads\/photo-2.jpg","contentUrl":"https:\/\/www.usability-lab.pl\/wp-content\/uploads\/photo-2.jpg","width":1200,"height":896,"caption":"World Usability Day 2013 - relacja"},{"@type":"WebPage","@id":"https:\/\/www.usability-lab.pl\/pl\/wud-wro-2013-relacja\/#webpage","url":"https:\/\/www.usability-lab.pl\/pl\/wud-wro-2013-relacja\/","name":"WUD WRO 2013 Relacja - Usability LAB","isPartOf":{"@id":"https:\/\/www.usability-lab.pl\/#website"},"primaryImageOfPage":{"@id":"https:\/\/www.usability-lab.pl\/pl\/wud-wro-2013-relacja\/#primaryimage"},"datePublished":"2013-11-21T15:55:14+00:00","dateModified":"2020-10-21T07:46:47+00:00","author":{"@id":"https:\/\/www.usability-lab.pl\/#\/schema\/person\/c2cb0cceec481d13c2cb35d7565093e4"},"description":"WUD WRO 2013 Relacja - Usability LAB &#x1F947; Projektujemy rozwi\u0105zania dla biznesu w duchu user experience i z wykorzystaniem najnowszych technologii.","breadcrumb":{"@id":"https:\/\/www.usability-lab.pl\/pl\/wud-wro-2013-relacja\/#breadcrumb"},"inLanguage":"pl-PL","potentialAction":[{"@type":"ReadAction","target":["https:\/\/www.usability-lab.pl\/pl\/wud-wro-2013-relacja\/"]}]},{"@type":"BreadcrumbList","@id":"https:\/\/www.usability-lab.pl\/pl\/wud-wro-2013-relacja\/#breadcrumb","itemListElement":[{"@type":"ListItem","position":1,"name":"WUD WRO 2013 &#8211; relacja"}]},{"@type":"Person","@id":"https:\/\/www.usability-lab.pl\/#\/schema\/person\/c2cb0cceec481d13c2cb35d7565093e4","name":"Hanna Nielacna","image":{"@type":"ImageObject","@id":"https:\/\/www.usability-lab.pl\/#personlogo","inLanguage":"pl-PL","url":"https:\/\/secure.gravatar.com\/avatar\/?s=96&d=mm&r=g","contentUrl":"https:\/\/secure.gravatar.com\/avatar\/?s=96&d=mm&r=g","caption":"Hanna Nielacna"}}]}},"_links":{"self":[{"href":"https:\/\/www.usability-lab.pl\/pl\/wp-json\/wp\/v2\/posts\/2482"}],"collection":[{"href":"https:\/\/www.usability-lab.pl\/pl\/wp-json\/wp\/v2\/posts"}],"about":[{"href":"https:\/\/www.usability-lab.pl\/pl\/wp-json\/wp\/v2\/types\/post"}],"author":[{"embeddable":true,"href":"https:\/\/www.usability-lab.pl\/pl\/wp-json\/wp\/v2\/users\/7"}],"replies":[{"embeddable":true,"href":"https:\/\/www.usability-lab.pl\/pl\/wp-json\/wp\/v2\/comments?post=2482"}],"version-history":[{"count":5,"href":"https:\/\/www.usability-lab.pl\/pl\/wp-json\/wp\/v2\/posts\/2482\/revisions"}],"predecessor-version":[{"id":7176,"href":"https:\/\/www.usability-lab.pl\/pl\/wp-json\/wp\/v2\/posts\/2482\/revisions\/7176"}],"wp:featuredmedia":[{"embeddable":true,"href":"https:\/\/www.usability-lab.pl\/pl\/wp-json\/wp\/v2\/media\/2485"}],"wp:attachment":[{"href":"https:\/\/www.usability-lab.pl\/pl\/wp-json\/wp\/v2\/media?parent=2482"}],"wp:term":[{"taxonomy":"category","embeddable":true,"href":"https:\/\/www.usability-lab.pl\/pl\/wp-json\/wp\/v2\/categories?post=2482"},{"taxonomy":"post_tag","embeddable":true,"href":"https:\/\/www.usability-lab.pl\/pl\/wp-json\/wp\/v2\/tags?post=2482"}],"curies":[{"name":"wp","href":"https:\/\/api.w.org\/{rel}","templated":true}]}}