{"id":2712,"date":"2014-07-02T14:47:56","date_gmt":"2014-07-02T13:47:56","guid":{"rendered":"http:\/\/www.usability-lab.pl\/?p=2712"},"modified":"2020-10-20T12:08:11","modified_gmt":"2020-10-20T10:08:11","slug":"poszukiwany-visual-ux-designer","status":"publish","type":"post","link":"https:\/\/www.usability-lab.pl\/pl\/poszukiwany-visual-ux-designer\/","title":{"rendered":"Poszukiwany: Visual UX Designer"},"content":{"rendered":"<p>Zatrudnimy specjalist\u0119 zainteresowanego projektowaniem graficznym interfejs\u00f3w stron www, system\u00f3w IT oraz aplikacji mobilnych w duchu User-Centric Design.<br \/>\n<!--more--><br \/>\n<img loading=\"lazy\" class=\"alignnone size-medium wp-image-2714\" src=\"https:\/\/www.usability-lab.pl\/wp-content\/uploads\/2014\/07\/Screen-Shot-2014-07-02-at-15.39.16-300x218.png\" alt=\"Poszukiwany projektant grafiki UX - Visual UX Designer\" width=\"300\" height=\"218\" \/><br \/>\n<strong>Je\u017celi:<\/strong><\/p>\n<ul>\n<li>Lubisz \u015bwiadomie projektowa\u0107 interakcj\u0119 i interesuje Ci\u0119, jak robi\u0107 to coraz lepiej,<\/li>\n<li>Przegl\u0105da\u0142e\u015b Kruga lub Nielsena, ale zafascynowa\u0142 Ci\u0119 Tufte lub Few,<\/li>\n<li>Pasjonujesz si\u0119 industrial designem, fotografi\u0105, modernistyczn\u0105 architektur\u0105, budowaniem marek na podstawie sp\u00f3jnego j\u0119zyka \u00a0wizualnego&#8230;<\/li>\n<\/ul>\n<p>to znaczy, \u017ce mamy wsp\u00f3lne zainteresowania i jest szansa, \u017ce b\u0119dzie nam si\u0119 dobrze razem pracowa\u0142o.<br \/>\n<strong>Oferujemy:<\/strong><\/p>\n<ul>\n<li>Prac\u0119 w zespole specjalist\u00f3w UX \/ Usability,<\/li>\n<li>Prac\u0119 na pe\u0142en etat, na podstawie umowy o prac\u0119,<\/li>\n<li>Prac\u0119 przy projektach dla znanych marek,<\/li>\n<li>Prac\u0119 z praktycznym wykorzystaniem metod UX.<\/li>\n<\/ul>\n<p><strong>Wymagamy:<\/strong><\/p>\n<ul>\n<li>Kilkuletniego do\u015bwiadczenia w bran\u017cy, popartego portfolio,<\/li>\n<li>Znajomo\u015bci pakietu Adobe CS (Photoshop, Illustrator);<\/li>\n<li>Do\u015bwiadczenia w projektowaniu grafiki dla web (RWD mile widziane)\/ mobile,<\/li>\n<li>Znajomo\u015bci podstaw zagadnie\u0144 UX \/ Usability i ch\u0119ci rozwoju w tym kierunku,<\/li>\n<li>Komunikatywno\u015bci, kreatywnych pomys\u0142\u00f3w i zaanga\u017cowania w prac\u0119 zespo\u0142ow\u0105.<\/li>\n<\/ul>\n<p><strong>Jak z\u0142o\u017cy\u0107 aplikacj\u0119?<\/strong><\/p>\n<ul>\n<li>Prosimy przes\u0142a\u0107 portfolio oraz CV na adres praca@kkvlab.com do dnia 10.07.2014<\/li>\n<li>Wszystkim kandydatom potwierdzimy mailowo otrzymanie dokument\u00f3w, wybrane osoby otrzymaj\u0105 zaproszenie na rozmow\u0119 kwalifikacyjn\u0105.<\/li>\n<\/ul>\n","protected":false},"excerpt":{"rendered":"<p>Zatrudnimy specjalist\u0119 zainteresowanego projektowaniem graficznym interfejs\u00f3w stron www, system\u00f3w IT oraz aplikacji mobilnych w duchu&#8230; <a href=\"https:\/\/www.usability-lab.pl\/pl\/poszukiwany-visual-ux-designer\/\" class=\"btn-excerpt more-link\" title=\"Poszukiwany: Visual UX Designer\">Wi\u0119cej<span class=\"meta-nav\">&rarr;<\/span><\/a><\/p>\n","protected":false},"author":6,"featured_media":2714,"comment_status":"open","ping_status":"open","sticky":false,"template":"","format":"standard","meta":[],"categories":[152],"tags":[],"yoast_head":"<!-- This site is optimized with the Yoast SEO plugin v16.9 - https:\/\/yoast.com\/wordpress\/plugins\/seo\/ -->\n<meta name=\"description\" content=\"Poszukiwany Visual UX Designer &#x1F947; Projektujemy rozwi\u0105zania dla biznesu w duchu user experience i z wykorzystaniem najnowszych technologii.\" \/>\n<meta name=\"robots\" content=\"index, follow\" \/>\n<link rel=\"canonical\" href=\"https:\/\/www.usability-lab.pl\/pl\/poszukiwany-visual-ux-designer\/\" \/>\n<meta property=\"og:locale\" content=\"pl_PL\" \/>\n<meta property=\"og:type\" content=\"article\" \/>\n<meta property=\"og:title\" content=\"Poszukiwany Visual UX Designer - Usability LAB\" \/>\n<meta property=\"og:description\" content=\"Poszukiwany Visual UX Designer &#x1F947; Projektujemy rozwi\u0105zania dla biznesu w duchu user experience i z wykorzystaniem najnowszych technologii.\" \/>\n<meta property=\"og:url\" content=\"https:\/\/www.usability-lab.pl\/pl\/poszukiwany-visual-ux-designer\/\" \/>\n<meta property=\"og:site_name\" content=\"UX Design, Service Design, Product Design, Badania UX - Usability LAB\" \/>\n<meta property=\"article:published_time\" content=\"2014-07-02T13:47:56+00:00\" \/>\n<meta property=\"article:modified_time\" content=\"2020-10-20T10:08:11+00:00\" \/>\n<meta property=\"og:image\" content=\"https:\/\/www.usability-lab.pl\/wp-content\/uploads\/Screen-Shot-2014-07-02-at-15.39.16.png\" \/>\n\t<meta property=\"og:image:width\" content=\"1200\" \/>\n\t<meta property=\"og:image:height\" content=\"875\" \/>\n<meta name=\"twitter:card\" content=\"summary_large_image\" \/>\n<meta name=\"twitter:label1\" content=\"Napisane przez\" \/>\n\t<meta name=\"twitter:data1\" content=\"Jacek Popko\" \/>\n\t<meta name=\"twitter:label2\" content=\"Szacowany czas czytania\" \/>\n\t<meta name=\"twitter:data2\" content=\"1 minuta\" \/>\n<script type=\"application\/ld+json\" class=\"yoast-schema-graph\">{\"@context\":\"https:\/\/schema.org\",\"@graph\":[{\"@type\":\"WebSite\",\"@id\":\"https:\/\/www.usability-lab.pl\/#website\",\"url\":\"https:\/\/www.usability-lab.pl\/\",\"name\":\"UX Design, Service Design, Product Design, Badania UX - Usability LAB\",\"description\":\"Jeste\\u015bmy agencj\\u0105 UX\/Service Design. Projektujemy rozwi\\u0105zania dla biznesu wykorzystuj\\u0105c podej\\u015bcie user centered design i znajomo\\u015b\\u0107 najnowszych technologii.\",\"potentialAction\":[{\"@type\":\"SearchAction\",\"target\":{\"@type\":\"EntryPoint\",\"urlTemplate\":\"https:\/\/www.usability-lab.pl\/?s={search_term_string}\"},\"query-input\":\"required name=search_term_string\"}],\"inLanguage\":\"pl-PL\"},{\"@type\":\"ImageObject\",\"@id\":\"https:\/\/www.usability-lab.pl\/pl\/poszukiwany-visual-ux-designer\/#primaryimage\",\"inLanguage\":\"pl-PL\",\"url\":\"https:\/\/www.usability-lab.pl\/wp-content\/uploads\/Screen-Shot-2014-07-02-at-15.39.16.png\",\"contentUrl\":\"https:\/\/www.usability-lab.pl\/wp-content\/uploads\/Screen-Shot-2014-07-02-at-15.39.16.png\",\"width\":1200,\"height\":875,\"caption\":\"Poszukiwany Visual UX Designer - Usability LAB\"},{\"@type\":\"WebPage\",\"@id\":\"https:\/\/www.usability-lab.pl\/pl\/poszukiwany-visual-ux-designer\/#webpage\",\"url\":\"https:\/\/www.usability-lab.pl\/pl\/poszukiwany-visual-ux-designer\/\",\"name\":\"Poszukiwany Visual UX Designer - Usability LAB\",\"isPartOf\":{\"@id\":\"https:\/\/www.usability-lab.pl\/#website\"},\"primaryImageOfPage\":{\"@id\":\"https:\/\/www.usability-lab.pl\/pl\/poszukiwany-visual-ux-designer\/#primaryimage\"},\"datePublished\":\"2014-07-02T13:47:56+00:00\",\"dateModified\":\"2020-10-20T10:08:11+00:00\",\"author\":{\"@id\":\"https:\/\/www.usability-lab.pl\/#\/schema\/person\/da220c8467a8ca79232ad40eb16ecb65\"},\"description\":\"Poszukiwany Visual UX Designer &#x1F947; Projektujemy rozwi\\u0105zania dla biznesu w duchu user experience i z wykorzystaniem najnowszych technologii.\",\"breadcrumb\":{\"@id\":\"https:\/\/www.usability-lab.pl\/pl\/poszukiwany-visual-ux-designer\/#breadcrumb\"},\"inLanguage\":\"pl-PL\",\"potentialAction\":[{\"@type\":\"ReadAction\",\"target\":[\"https:\/\/www.usability-lab.pl\/pl\/poszukiwany-visual-ux-designer\/\"]}]},{\"@type\":\"BreadcrumbList\",\"@id\":\"https:\/\/www.usability-lab.pl\/pl\/poszukiwany-visual-ux-designer\/#breadcrumb\",\"itemListElement\":[{\"@type\":\"ListItem\",\"position\":1,\"name\":\"Poszukiwany: Visual UX Designer\"}]},{\"@type\":\"Person\",\"@id\":\"https:\/\/www.usability-lab.pl\/#\/schema\/person\/da220c8467a8ca79232ad40eb16ecb65\",\"name\":\"Jacek Popko\",\"image\":{\"@type\":\"ImageObject\",\"@id\":\"https:\/\/www.usability-lab.pl\/#personlogo\",\"inLanguage\":\"pl-PL\",\"url\":\"https:\/\/secure.gravatar.com\/avatar\/01dbfdfad6efdb9be12a4452bf710cfc?s=96&d=mm&r=g\",\"contentUrl\":\"https:\/\/secure.gravatar.com\/avatar\/01dbfdfad6efdb9be12a4452bf710cfc?s=96&d=mm&r=g\",\"caption\":\"Jacek Popko\"}}]}<\/script>\n<!-- \/ Yoast SEO plugin. -->","yoast_head_json":{"description":"Poszukiwany Visual UX Designer &#x1F947; Projektujemy rozwi\u0105zania dla biznesu w duchu user experience i z wykorzystaniem najnowszych technologii.","robots":{"index":"index","follow":"follow"},"canonical":"https:\/\/www.usability-lab.pl\/pl\/poszukiwany-visual-ux-designer\/","og_locale":"pl_PL","og_type":"article","og_title":"Poszukiwany Visual UX Designer - Usability LAB","og_description":"Poszukiwany Visual UX Designer &#x1F947; Projektujemy rozwi\u0105zania dla biznesu w duchu user experience i z wykorzystaniem najnowszych technologii.","og_url":"https:\/\/www.usability-lab.pl\/pl\/poszukiwany-visual-ux-designer\/","og_site_name":"UX Design, Service Design, Product Design, Badania UX - Usability LAB","article_published_time":"2014-07-02T13:47:56+00:00","article_modified_time":"2020-10-20T10:08:11+00:00","og_image":[{"width":1200,"height":875,"url":"https:\/\/www.usability-lab.pl\/wp-content\/uploads\/Screen-Shot-2014-07-02-at-15.39.16.png","path":"\/home\/hcdzpsd\/www\/wp-content\/uploads\/Screen-Shot-2014-07-02-at-15.39.16.png","size":"full","id":"2714","alt":"Poszukiwany Visual UX Designer - Usability LAB","pixels":1050000,"type":"image\/png"}],"twitter_card":"summary_large_image","twitter_misc":{"Napisane przez":"Jacek Popko","Szacowany czas czytania":"1 minuta"},"schema":{"@context":"https:\/\/schema.org","@graph":[{"@type":"WebSite","@id":"https:\/\/www.usability-lab.pl\/#website","url":"https:\/\/www.usability-lab.pl\/","name":"UX Design, Service Design, Product Design, Badania UX - Usability LAB","description":"Jeste\u015bmy agencj\u0105 UX\/Service Design. Projektujemy rozwi\u0105zania dla biznesu wykorzystuj\u0105c podej\u015bcie user centered design i znajomo\u015b\u0107 najnowszych technologii.","potentialAction":[{"@type":"SearchAction","target":{"@type":"EntryPoint","urlTemplate":"https:\/\/www.usability-lab.pl\/?s={search_term_string}"},"query-input":"required name=search_term_string"}],"inLanguage":"pl-PL"},{"@type":"ImageObject","@id":"https:\/\/www.usability-lab.pl\/pl\/poszukiwany-visual-ux-designer\/#primaryimage","inLanguage":"pl-PL","url":"https:\/\/www.usability-lab.pl\/wp-content\/uploads\/Screen-Shot-2014-07-02-at-15.39.16.png","contentUrl":"https:\/\/www.usability-lab.pl\/wp-content\/uploads\/Screen-Shot-2014-07-02-at-15.39.16.png","width":1200,"height":875,"caption":"Poszukiwany Visual UX Designer - Usability LAB"},{"@type":"WebPage","@id":"https:\/\/www.usability-lab.pl\/pl\/poszukiwany-visual-ux-designer\/#webpage","url":"https:\/\/www.usability-lab.pl\/pl\/poszukiwany-visual-ux-designer\/","name":"Poszukiwany Visual UX Designer - Usability LAB","isPartOf":{"@id":"https:\/\/www.usability-lab.pl\/#website"},"primaryImageOfPage":{"@id":"https:\/\/www.usability-lab.pl\/pl\/poszukiwany-visual-ux-designer\/#primaryimage"},"datePublished":"2014-07-02T13:47:56+00:00","dateModified":"2020-10-20T10:08:11+00:00","author":{"@id":"https:\/\/www.usability-lab.pl\/#\/schema\/person\/da220c8467a8ca79232ad40eb16ecb65"},"description":"Poszukiwany Visual UX Designer &#x1F947; Projektujemy rozwi\u0105zania dla biznesu w duchu user experience i z wykorzystaniem najnowszych technologii.","breadcrumb":{"@id":"https:\/\/www.usability-lab.pl\/pl\/poszukiwany-visual-ux-designer\/#breadcrumb"},"inLanguage":"pl-PL","potentialAction":[{"@type":"ReadAction","target":["https:\/\/www.usability-lab.pl\/pl\/poszukiwany-visual-ux-designer\/"]}]},{"@type":"BreadcrumbList","@id":"https:\/\/www.usability-lab.pl\/pl\/poszukiwany-visual-ux-designer\/#breadcrumb","itemListElement":[{"@type":"ListItem","position":1,"name":"Poszukiwany: Visual UX Designer"}]},{"@type":"Person","@id":"https:\/\/www.usability-lab.pl\/#\/schema\/person\/da220c8467a8ca79232ad40eb16ecb65","name":"Jacek Popko","image":{"@type":"ImageObject","@id":"https:\/\/www.usability-lab.pl\/#personlogo","inLanguage":"pl-PL","url":"https:\/\/secure.gravatar.com\/avatar\/01dbfdfad6efdb9be12a4452bf710cfc?s=96&d=mm&r=g","contentUrl":"https:\/\/secure.gravatar.com\/avatar\/01dbfdfad6efdb9be12a4452bf710cfc?s=96&d=mm&r=g","caption":"Jacek Popko"}}]}},"_links":{"self":[{"href":"https:\/\/www.usability-lab.pl\/pl\/wp-json\/wp\/v2\/posts\/2712"}],"collection":[{"href":"https:\/\/www.usability-lab.pl\/pl\/wp-json\/wp\/v2\/posts"}],"about":[{"href":"https:\/\/www.usability-lab.pl\/pl\/wp-json\/wp\/v2\/types\/post"}],"author":[{"embeddable":true,"href":"https:\/\/www.usability-lab.pl\/pl\/wp-json\/wp\/v2\/users\/6"}],"replies":[{"embeddable":true,"href":"https:\/\/www.usability-lab.pl\/pl\/wp-json\/wp\/v2\/comments?post=2712"}],"version-history":[{"count":1,"href":"https:\/\/www.usability-lab.pl\/pl\/wp-json\/wp\/v2\/posts\/2712\/revisions"}],"predecessor-version":[{"id":5086,"href":"https:\/\/www.usability-lab.pl\/pl\/wp-json\/wp\/v2\/posts\/2712\/revisions\/5086"}],"wp:featuredmedia":[{"embeddable":true,"href":"https:\/\/www.usability-lab.pl\/pl\/wp-json\/wp\/v2\/media\/2714"}],"wp:attachment":[{"href":"https:\/\/www.usability-lab.pl\/pl\/wp-json\/wp\/v2\/media?parent=2712"}],"wp:term":[{"taxonomy":"category","embeddable":true,"href":"https:\/\/www.usability-lab.pl\/pl\/wp-json\/wp\/v2\/categories?post=2712"},{"taxonomy":"post_tag","embeddable":true,"href":"https:\/\/www.usability-lab.pl\/pl\/wp-json\/wp\/v2\/tags?post=2712"}],"curies":[{"name":"wp","href":"https:\/\/api.w.org\/{rel}","templated":true}]}}