{"id":3106,"date":"2014-11-17T13:13:55","date_gmt":"2014-11-17T12:13:55","guid":{"rendered":"http:\/\/www.usability-lab.pl\/?p=3106"},"modified":"2020-10-20T11:06:17","modified_gmt":"2020-10-20T09:06:17","slug":"e-commerce-manager-profesjonalista-w-ehandlu-juz-w-sprzedazy-czytaliscie-2","status":"publish","type":"post","link":"https:\/\/www.usability-lab.pl\/pl\/e-commerce-manager-profesjonalista-w-ehandlu-juz-w-sprzedazy-czytaliscie-2\/","title":{"rendered":"\u201eE-Commerce Manager. Profesjonalista w ehandlu\u201d ju\u017c w sprzeda\u017cy. Czytali\u015bcie?"},"content":{"rendered":"<p>Podr\u0119cznik \u201eE-commerce Manager. Profesjonalista w ehandlu\u201d to bez w\u0105tpienia pozycja typu must have dla ka\u017cdego, kto pracuje w e-biznesie. I nie piszemy tego tylko dlatego, \u017ce jednym z autor\u00f3w jest Jacek Popko ;-).<!--more--><\/p>\n<p><img loading=\"lazy\" title=\"Podr\u0119cznik &quot;E-commerce Manager. Profesjonalista w ehandlu&quot;\" src=\"https:\/\/www.usability-lab.pl\/wp-content\/uploads\/2014\/11\/ksiazka3.jpg\" alt=\"Jacek Popko (Usability LAB) jednym z autor\u00f3w podr\u0119cznika &quot;E-commerce Manager. Profesjonalista w ehandlu&quot;\" width=\"567\" height=\"768\" \/><\/p>\n<p>Ksi\u0105\u017cka \u201eE-Commerce Manager. Profesjonalista w ehandlu\u201d to niezwyk\u0142e kompendium wiedzy stworzone przez kilkudziesi\u0119ciu specjalist\u00f3w pracuj\u0105cych w bran\u017cy e-commerce. Podr\u0119cznik liczy sobie blisko 500 stron, z kt\u00f3rych ka\u017cda niesie za sob\u0105 solidn\u0105 porcj\u0119 merytorycznych informacji. Zawiera zbi\u00f3r artyku\u0142\u00f3w, w kt\u00f3rych eksperci (specjalizuj\u0105cy si\u0119 w r\u00f3\u017cnych dziedzinach szeroko rozumianej sprzeda\u017cy w\u00a0 intrenecie) dziel\u0105 si\u0119 swoim do\u015bwiadczeniem i na konkretnych przyk\u0142adach wyja\u015bniaj\u0105, jak sta\u0107 si\u0119 prawdziwym specjalist\u0105 od e-commerce.<\/p>\n<p>Ich publikacje podzielono na pi\u0119\u0107 grup tematycznych. Autorzy zaj\u0119li si\u0119 opracowaniem takich temat\u00f3w jak: uwarunkowania prawne, technologia, decyzje strategiczne, generowanie sprzeda\u017cy oraz obs\u0142uga klienta. Ca\u0142o\u015b\u0107 ko\u0144czy si\u0119 almanachem, w \u00a0kt\u00f3ry znajdziecie podr\u0119czny wykaz firm i us\u0142ug dotycz\u0105cych ehandlu. <strong>Jacek Popko<\/strong> jest autorem publikacji <em><strong>\u201ePlanowanie i projektowanie ux serwisu e-commerce\u201d<\/strong><\/em> oraz <em><strong>\u201eOcena i badanie efektywno\u015bci ux serwisu e-commerce\u201d<\/strong><\/em>.<\/p>\n<p>Zapraszamy do lektury!<\/p>\n<p><strong>Sprawd\u017a te\u017c:<\/strong><br \/>\n<a href=\"https:\/\/www.usability-lab.pl\/pl\/raporty\/raport-ux-e-sklepow-2015\/\"><span style=\"color: #007fac;\">User experience sklep\u00f3w internetowych 2015<\/span><\/a><\/p>\n","protected":false},"excerpt":{"rendered":"<p>Podr\u0119cznik \u201eE-commerce Manager. Profesjonalista w ehandlu\u201d to bez w\u0105tpienia pozycja typu must have dla ka\u017cdego,&#8230; <a href=\"https:\/\/www.usability-lab.pl\/pl\/e-commerce-manager-profesjonalista-w-ehandlu-juz-w-sprzedazy-czytaliscie-2\/\" class=\"btn-excerpt more-link\" title=\"\u201eE-Commerce Manager. Profesjonalista w ehandlu\u201d ju\u017c w sprzeda\u017cy. Czytali\u015bcie?\">Wi\u0119cej<span class=\"meta-nav\">&rarr;<\/span><\/a><\/p>\n","protected":false},"author":7,"featured_media":3107,"comment_status":"open","ping_status":"open","sticky":false,"template":"","format":"standard","meta":[],"categories":[143],"tags":[161],"yoast_head":"<!-- This site is optimized with the Yoast SEO plugin v16.9 - https:\/\/yoast.com\/wordpress\/plugins\/seo\/ -->\n<meta name=\"description\" content=\"E-Commerce Manager. Profesjonalista w ehandlu &#x1F947; Projektujemy rozwi\u0105zania dla biznesu w duchu user experience i z wykorzystaniem najnowszych technologii.\" \/>\n<meta name=\"robots\" content=\"index, follow\" \/>\n<link rel=\"canonical\" href=\"https:\/\/www.usability-lab.pl\/pl\/e-commerce-manager-profesjonalista-w-ehandlu-juz-w-sprzedazy-czytaliscie-2\/\" \/>\n<meta property=\"og:locale\" content=\"pl_PL\" \/>\n<meta property=\"og:type\" content=\"article\" \/>\n<meta property=\"og:title\" content=\"E-Commerce Manager. Profesjonalista w ehandlu - Usability LAB\" \/>\n<meta property=\"og:description\" content=\"E-Commerce Manager. Profesjonalista w ehandlu &#x1F947; Projektujemy rozwi\u0105zania dla biznesu w duchu user experience i z wykorzystaniem najnowszych technologii.\" \/>\n<meta property=\"og:url\" content=\"https:\/\/www.usability-lab.pl\/pl\/e-commerce-manager-profesjonalista-w-ehandlu-juz-w-sprzedazy-czytaliscie-2\/\" \/>\n<meta property=\"og:site_name\" content=\"UX Design, Service Design, Product Design, Badania UX - Usability LAB\" \/>\n<meta property=\"article:published_time\" content=\"2014-11-17T12:13:55+00:00\" \/>\n<meta property=\"article:modified_time\" content=\"2020-10-20T09:06:17+00:00\" \/>\n<meta property=\"og:image\" content=\"https:\/\/www.usability-lab.pl\/wp-content\/uploads\/ksiazka2-e1416226624137.jpg\" \/>\n\t<meta property=\"og:image:width\" content=\"300\" \/>\n\t<meta property=\"og:image:height\" content=\"420\" \/>\n<meta name=\"twitter:card\" content=\"summary_large_image\" \/>\n<meta name=\"twitter:label1\" content=\"Napisane przez\" \/>\n\t<meta name=\"twitter:data1\" content=\"Hanna Nielacna\" \/>\n\t<meta name=\"twitter:label2\" content=\"Szacowany czas czytania\" \/>\n\t<meta name=\"twitter:data2\" content=\"1 minuta\" \/>\n<script type=\"application\/ld+json\" class=\"yoast-schema-graph\">{\"@context\":\"https:\/\/schema.org\",\"@graph\":[{\"@type\":\"WebSite\",\"@id\":\"https:\/\/www.usability-lab.pl\/#website\",\"url\":\"https:\/\/www.usability-lab.pl\/\",\"name\":\"UX Design, Service Design, Product Design, Badania UX - Usability LAB\",\"description\":\"Jeste\\u015bmy agencj\\u0105 UX\/Service Design. Projektujemy rozwi\\u0105zania dla biznesu wykorzystuj\\u0105c podej\\u015bcie user centered design i znajomo\\u015b\\u0107 najnowszych technologii.\",\"potentialAction\":[{\"@type\":\"SearchAction\",\"target\":{\"@type\":\"EntryPoint\",\"urlTemplate\":\"https:\/\/www.usability-lab.pl\/?s={search_term_string}\"},\"query-input\":\"required name=search_term_string\"}],\"inLanguage\":\"pl-PL\"},{\"@type\":\"ImageObject\",\"@id\":\"https:\/\/www.usability-lab.pl\/pl\/e-commerce-manager-profesjonalista-w-ehandlu-juz-w-sprzedazy-czytaliscie-2\/#primaryimage\",\"inLanguage\":\"pl-PL\",\"url\":\"https:\/\/www.usability-lab.pl\/wp-content\/uploads\/ksiazka2-e1416226624137.jpg\",\"contentUrl\":\"https:\/\/www.usability-lab.pl\/wp-content\/uploads\/ksiazka2-e1416226624137.jpg\",\"width\":300,\"height\":420,\"caption\":\"\\\"E-commerce Manager. Profesjonalista w ehandlu\\\"\"},{\"@type\":\"WebPage\",\"@id\":\"https:\/\/www.usability-lab.pl\/pl\/e-commerce-manager-profesjonalista-w-ehandlu-juz-w-sprzedazy-czytaliscie-2\/#webpage\",\"url\":\"https:\/\/www.usability-lab.pl\/pl\/e-commerce-manager-profesjonalista-w-ehandlu-juz-w-sprzedazy-czytaliscie-2\/\",\"name\":\"E-Commerce Manager. Profesjonalista w ehandlu - Usability LAB\",\"isPartOf\":{\"@id\":\"https:\/\/www.usability-lab.pl\/#website\"},\"primaryImageOfPage\":{\"@id\":\"https:\/\/www.usability-lab.pl\/pl\/e-commerce-manager-profesjonalista-w-ehandlu-juz-w-sprzedazy-czytaliscie-2\/#primaryimage\"},\"datePublished\":\"2014-11-17T12:13:55+00:00\",\"dateModified\":\"2020-10-20T09:06:17+00:00\",\"author\":{\"@id\":\"https:\/\/www.usability-lab.pl\/#\/schema\/person\/c2cb0cceec481d13c2cb35d7565093e4\"},\"description\":\"E-Commerce Manager. Profesjonalista w ehandlu &#x1F947; Projektujemy rozwi\\u0105zania dla biznesu w duchu user experience i z wykorzystaniem najnowszych technologii.\",\"breadcrumb\":{\"@id\":\"https:\/\/www.usability-lab.pl\/pl\/e-commerce-manager-profesjonalista-w-ehandlu-juz-w-sprzedazy-czytaliscie-2\/#breadcrumb\"},\"inLanguage\":\"pl-PL\",\"potentialAction\":[{\"@type\":\"ReadAction\",\"target\":[\"https:\/\/www.usability-lab.pl\/pl\/e-commerce-manager-profesjonalista-w-ehandlu-juz-w-sprzedazy-czytaliscie-2\/\"]}]},{\"@type\":\"BreadcrumbList\",\"@id\":\"https:\/\/www.usability-lab.pl\/pl\/e-commerce-manager-profesjonalista-w-ehandlu-juz-w-sprzedazy-czytaliscie-2\/#breadcrumb\",\"itemListElement\":[{\"@type\":\"ListItem\",\"position\":1,\"name\":\"\\u201eE-Commerce Manager. Profesjonalista w ehandlu\\u201d ju\\u017c w sprzeda\\u017cy. Czytali\\u015bcie?\"}]},{\"@type\":\"Person\",\"@id\":\"https:\/\/www.usability-lab.pl\/#\/schema\/person\/c2cb0cceec481d13c2cb35d7565093e4\",\"name\":\"Hanna Nielacna\",\"image\":{\"@type\":\"ImageObject\",\"@id\":\"https:\/\/www.usability-lab.pl\/#personlogo\",\"inLanguage\":\"pl-PL\",\"url\":\"https:\/\/secure.gravatar.com\/avatar\/?s=96&d=mm&r=g\",\"contentUrl\":\"https:\/\/secure.gravatar.com\/avatar\/?s=96&d=mm&r=g\",\"caption\":\"Hanna Nielacna\"}}]}<\/script>\n<!-- \/ Yoast SEO plugin. -->","yoast_head_json":{"description":"E-Commerce Manager. Profesjonalista w ehandlu &#x1F947; Projektujemy rozwi\u0105zania dla biznesu w duchu user experience i z wykorzystaniem najnowszych technologii.","robots":{"index":"index","follow":"follow"},"canonical":"https:\/\/www.usability-lab.pl\/pl\/e-commerce-manager-profesjonalista-w-ehandlu-juz-w-sprzedazy-czytaliscie-2\/","og_locale":"pl_PL","og_type":"article","og_title":"E-Commerce Manager. Profesjonalista w ehandlu - Usability LAB","og_description":"E-Commerce Manager. Profesjonalista w ehandlu &#x1F947; Projektujemy rozwi\u0105zania dla biznesu w duchu user experience i z wykorzystaniem najnowszych technologii.","og_url":"https:\/\/www.usability-lab.pl\/pl\/e-commerce-manager-profesjonalista-w-ehandlu-juz-w-sprzedazy-czytaliscie-2\/","og_site_name":"UX Design, Service Design, Product Design, Badania UX - Usability LAB","article_published_time":"2014-11-17T12:13:55+00:00","article_modified_time":"2020-10-20T09:06:17+00:00","og_image":[{"width":300,"height":420,"url":"https:\/\/www.usability-lab.pl\/wp-content\/uploads\/ksiazka2-e1416226624137.jpg","path":"\/home\/hcdzpsd\/www\/wp-content\/uploads\/ksiazka2-e1416226624137.jpg","size":"full","id":"3107","alt":"Jacek Popko jedym z autor\u00f3w ksi\u0105\u017cki \"E-commerce Manager. Profesjonalista w ehandlu\"","pixels":126000,"type":"image\/jpeg"}],"twitter_card":"summary_large_image","twitter_misc":{"Napisane przez":"Hanna Nielacna","Szacowany czas czytania":"1 minuta"},"schema":{"@context":"https:\/\/schema.org","@graph":[{"@type":"WebSite","@id":"https:\/\/www.usability-lab.pl\/#website","url":"https:\/\/www.usability-lab.pl\/","name":"UX Design, Service Design, Product Design, Badania UX - Usability LAB","description":"Jeste\u015bmy agencj\u0105 UX\/Service Design. Projektujemy rozwi\u0105zania dla biznesu wykorzystuj\u0105c podej\u015bcie user centered design i znajomo\u015b\u0107 najnowszych technologii.","potentialAction":[{"@type":"SearchAction","target":{"@type":"EntryPoint","urlTemplate":"https:\/\/www.usability-lab.pl\/?s={search_term_string}"},"query-input":"required name=search_term_string"}],"inLanguage":"pl-PL"},{"@type":"ImageObject","@id":"https:\/\/www.usability-lab.pl\/pl\/e-commerce-manager-profesjonalista-w-ehandlu-juz-w-sprzedazy-czytaliscie-2\/#primaryimage","inLanguage":"pl-PL","url":"https:\/\/www.usability-lab.pl\/wp-content\/uploads\/ksiazka2-e1416226624137.jpg","contentUrl":"https:\/\/www.usability-lab.pl\/wp-content\/uploads\/ksiazka2-e1416226624137.jpg","width":300,"height":420,"caption":"\"E-commerce Manager. Profesjonalista w ehandlu\""},{"@type":"WebPage","@id":"https:\/\/www.usability-lab.pl\/pl\/e-commerce-manager-profesjonalista-w-ehandlu-juz-w-sprzedazy-czytaliscie-2\/#webpage","url":"https:\/\/www.usability-lab.pl\/pl\/e-commerce-manager-profesjonalista-w-ehandlu-juz-w-sprzedazy-czytaliscie-2\/","name":"E-Commerce Manager. Profesjonalista w ehandlu - Usability LAB","isPartOf":{"@id":"https:\/\/www.usability-lab.pl\/#website"},"primaryImageOfPage":{"@id":"https:\/\/www.usability-lab.pl\/pl\/e-commerce-manager-profesjonalista-w-ehandlu-juz-w-sprzedazy-czytaliscie-2\/#primaryimage"},"datePublished":"2014-11-17T12:13:55+00:00","dateModified":"2020-10-20T09:06:17+00:00","author":{"@id":"https:\/\/www.usability-lab.pl\/#\/schema\/person\/c2cb0cceec481d13c2cb35d7565093e4"},"description":"E-Commerce Manager. Profesjonalista w ehandlu &#x1F947; Projektujemy rozwi\u0105zania dla biznesu w duchu user experience i z wykorzystaniem najnowszych technologii.","breadcrumb":{"@id":"https:\/\/www.usability-lab.pl\/pl\/e-commerce-manager-profesjonalista-w-ehandlu-juz-w-sprzedazy-czytaliscie-2\/#breadcrumb"},"inLanguage":"pl-PL","potentialAction":[{"@type":"ReadAction","target":["https:\/\/www.usability-lab.pl\/pl\/e-commerce-manager-profesjonalista-w-ehandlu-juz-w-sprzedazy-czytaliscie-2\/"]}]},{"@type":"BreadcrumbList","@id":"https:\/\/www.usability-lab.pl\/pl\/e-commerce-manager-profesjonalista-w-ehandlu-juz-w-sprzedazy-czytaliscie-2\/#breadcrumb","itemListElement":[{"@type":"ListItem","position":1,"name":"\u201eE-Commerce Manager. Profesjonalista w ehandlu\u201d ju\u017c w sprzeda\u017cy. Czytali\u015bcie?"}]},{"@type":"Person","@id":"https:\/\/www.usability-lab.pl\/#\/schema\/person\/c2cb0cceec481d13c2cb35d7565093e4","name":"Hanna Nielacna","image":{"@type":"ImageObject","@id":"https:\/\/www.usability-lab.pl\/#personlogo","inLanguage":"pl-PL","url":"https:\/\/secure.gravatar.com\/avatar\/?s=96&d=mm&r=g","contentUrl":"https:\/\/secure.gravatar.com\/avatar\/?s=96&d=mm&r=g","caption":"Hanna Nielacna"}}]}},"_links":{"self":[{"href":"https:\/\/www.usability-lab.pl\/pl\/wp-json\/wp\/v2\/posts\/3106"}],"collection":[{"href":"https:\/\/www.usability-lab.pl\/pl\/wp-json\/wp\/v2\/posts"}],"about":[{"href":"https:\/\/www.usability-lab.pl\/pl\/wp-json\/wp\/v2\/types\/post"}],"author":[{"embeddable":true,"href":"https:\/\/www.usability-lab.pl\/pl\/wp-json\/wp\/v2\/users\/7"}],"replies":[{"embeddable":true,"href":"https:\/\/www.usability-lab.pl\/pl\/wp-json\/wp\/v2\/comments?post=3106"}],"version-history":[{"count":3,"href":"https:\/\/www.usability-lab.pl\/pl\/wp-json\/wp\/v2\/posts\/3106\/revisions"}],"predecessor-version":[{"id":5722,"href":"https:\/\/www.usability-lab.pl\/pl\/wp-json\/wp\/v2\/posts\/3106\/revisions\/5722"}],"wp:featuredmedia":[{"embeddable":true,"href":"https:\/\/www.usability-lab.pl\/pl\/wp-json\/wp\/v2\/media\/3107"}],"wp:attachment":[{"href":"https:\/\/www.usability-lab.pl\/pl\/wp-json\/wp\/v2\/media?parent=3106"}],"wp:term":[{"taxonomy":"category","embeddable":true,"href":"https:\/\/www.usability-lab.pl\/pl\/wp-json\/wp\/v2\/categories?post=3106"},{"taxonomy":"post_tag","embeddable":true,"href":"https:\/\/www.usability-lab.pl\/pl\/wp-json\/wp\/v2\/tags?post=3106"}],"curies":[{"name":"wp","href":"https:\/\/api.w.org\/{rel}","templated":true}]}}