{"id":3596,"date":"2015-09-04T08:48:36","date_gmt":"2015-09-04T07:48:36","guid":{"rendered":"http:\/\/www.usability-lab.pl\/?p=3596"},"modified":"2020-10-21T08:48:32","modified_gmt":"2020-10-21T06:48:32","slug":"usability-lab-na-e-commerce-standard-2015","status":"publish","type":"post","link":"https:\/\/www.usability-lab.pl\/pl\/usability-lab-na-e-commerce-standard-2015\/","title":{"rendered":"Usability LAB na E-commerce Standard 2015"},"content":{"rendered":"<p>Pod koniec wrze\u015bnia rusza 10. edycja E-commerce Standard 2015. To jedna z najbardziej znanych konferencji w Polsce po\u015bwi\u0119cona sprzeda\u017cy produkt\u00f3w i us\u0142ug w kanale on-line. Podobnie jak rok temu, wyst\u0105pi na niej Jacek Popko z <a href=\"https:\/\/www.usability-lab.pl\/\">Usability LAB<\/a>, kt\u00f3ry poprowadzi warsztaty nt. usability i user experience.<!--more--><\/p>\r\n<p style=\"text-align: center;\"><img loading=\"lazy\" class=\"aligncenter wp-image-3609 size-full\" title=\"Konferencja E-Commerce Standard 2015\" src=\"https:\/\/www.usability-lab.pl\/wp-content\/uploads\/680-blog.jpg\" alt=\"Usability Lab Na E Commerce Standard 2015 - Usability LAB\" width=\"680\" height=\"175\" srcset=\"https:\/\/www.usability-lab.pl\/wp-content\/uploads\/680-blog.jpg 680w, https:\/\/www.usability-lab.pl\/wp-content\/uploads\/680-blog-300x77.jpg 300w\" sizes=\"(max-width: 680px) 100vw, 680px\" \/><\/p>\r\n<p>E-commerce Standard to wydarzenie, kt\u00f3re zainteresuje ka\u017cdego, kto zwi\u0105zany jest z szeroko rozumian\u0105 bran\u017c\u0105 internetow\u0105. To konferencja dla os\u00f3b prowadz\u0105cych sklepy internetowe, ale te\u017c specjalist\u00f3w ds. e-marketingu, e-commerce czy manager\u00f3w ds. rozwoju biznesu i nowych technologii. Pracownik\u00f3w wielkich firm jak i ma\u0142ych biznes\u00f3w. Wszystkich, kt\u00f3rzy chc\u0105 si\u0119 dowiedzie\u0107, jak skutecznie sprzedawa\u0107 w internecie.<\/p>\r\n<h2>Praktyczna wiedza podczas E-Commerce Standard: warsztaty nt. u\u017cyteczno\u015bci<\/h2>\r\n<figure id=\"attachment_3608\" aria-describedby=\"caption-attachment-3608\" style=\"width: 680px\" class=\"wp-caption aligncenter\"><img loading=\"lazy\" class=\"wp-image-3608 size-full\" title=\"Warsztaty nt. usability i user experience podczas E-commerce Standard 2015\" src=\"https:\/\/www.usability-lab.pl\/wp-content\/uploads\/680-blog-2.jpg\" alt=\"Usability Lab Na E Commerce Standard 2015 - Usability LAB\" width=\"680\" height=\"222\" srcset=\"https:\/\/www.usability-lab.pl\/wp-content\/uploads\/680-blog-2.jpg 680w, https:\/\/www.usability-lab.pl\/wp-content\/uploads\/680-blog-2-300x98.jpg 300w\" sizes=\"(max-width: 680px) 100vw, 680px\" \/><figcaption id=\"caption-attachment-3608\" class=\"wp-caption-text\"><em>&#8222;Jak mierzy\u0107 Usability i User Experience w E-Commerce?&#8221;\u00a0<\/em><\/figcaption><\/figure>\r\n<p><br \/>Co daje udzia\u0142 w konferencji? Przede wszystkim spor\u0105 dawk\u0119 wiedzy i mas\u0119 praktycznych umiej\u0119tno\u015bci. Pierwszego dnia eksperci dziel\u0105 si\u0119 swoim do\u015bwiadczeniem i przedstawi\u0105 najciekawsze przyk\u0142ady case studies, drugiego natomiast prowadz\u0105 warsztaty, podczas kt\u00f3rych uczestnicy w kameralnych grupkach pog\u0142\u0119biaj\u0105 swoje wiadomo\u015bci na temat interesuj\u0105cych ich zagadnie\u0144.<\/p>\r\n<p><br \/>My oczywi\u015bcie zapraszamy do udzia\u0142u w warsztatach <em>\u201eJak mierzy\u0107 Usability i User Experience w E-commerce?\u201d<\/em> , kt\u00f3re poprowadzi nasz specjalista od u\u017cyteczno\u015bci \u2013 Jacek Popko. Ka\u017cdy, kto zastanawia si\u0119 nad tym, czy jego strona internetowa jest u\u017cyteczna i przyjazna dla u\u017cytkownik\u00f3w, powinien wzi\u0105\u0107 w nich udzia\u0142.<\/p>\r\n<p><br \/>Z workshopu dowiesz si\u0119 tak\u017ce:<\/p>\r\n<ul>\r\n<li>Co zyskuje e-biznes dzi\u0119ki zapewnieniu dobrego user experience klientom ko\u0144cowym?<\/li>\r\n<li>Jak mierzy\u0107 user experience?<\/li>\r\n<li>Jak przeprowadza\u0107 testy user experience, kt\u00f3re sprawdz\u0105 pomys\u0142y na nowe us\u0142ugi lub nowe formy sprzeda\u017cy, z wykorzystaniem koncepcji Minimum Viable Product \u2013 tak, jak robi\u0105 to nowoczesne start-up\u2019y;<\/li>\r\n<li>Kiedy korzysta\u0107 w projektach z outsourcingu UX, a kiedy budowa\u0107 w\u0142asny zesp\u00f3\u0142?<\/li>\r\n<\/ul>\r\n<p><em><strong>Czytaj r\u00f3wnie\u017c:<\/strong><\/em><br \/><span style=\"color: #007fac;\"><a style=\"color: #007fac;\" href=\"https:\/\/www.usability-lab.pl\/pl\/testy-uzytecznosci-dlaczego-warto-o-nie-walczyc\"><em>Testy u\u017cyteczno\u015bci: Dlaczego warto o nie walczy\u0107?<\/em><\/a><\/span><br \/><span style=\"color: #007fac;\"><a style=\"color: #007fac;\" href=\"https:\/\/www.usability-lab.pl\/pl\/testujemy-strony-internetowe-z-branzy-motoryzacyjnej-ford-toyota-a-moze-kia-przeczytaj-kto-ma-najbardziej-uzyteczna-witryne\"><em>Testy stron internetowych z bran\u017cy motoryzacyjnej. Ford, Toyota a mo\u017ce KIA? Przeczytaj, kto ma najbardziej u\u017cyteczn\u0105 witryn\u0119.<\/em><\/a><\/span><\/p>\r\n<p>&nbsp;<\/p>\r\n<p>Sprawd\u017a te\u017c:<\/p>\r\n<p><a href=\"https:\/\/www.usability-lab.pl\/pl\/oferta\/\"><span style=\"color: #007fac;\">Oferta Usability LAB: badania UX, audyty i optymalizacja stron www, UX \/ Product Design<\/span><\/a><\/p>\r\n\r\n<p>&nbsp;<\/p>\r\n","protected":false},"excerpt":{"rendered":"<p>Pod koniec wrze\u015bnia rusza 10. edycja E-commerce Standard 2015. To jedna z najbardziej znanych konferencji&#8230; <a href=\"https:\/\/www.usability-lab.pl\/pl\/usability-lab-na-e-commerce-standard-2015\/\" class=\"btn-excerpt more-link\" title=\"Usability LAB na E-commerce Standard 2015\">Wi\u0119cej<span class=\"meta-nav\">&rarr;<\/span><\/a><\/p>\n","protected":false},"author":7,"featured_media":3612,"comment_status":"open","ping_status":"open","sticky":false,"template":"","format":"standard","meta":[],"categories":[155],"tags":[161],"yoast_head":"<!-- This site is optimized with the Yoast SEO plugin v16.9 - https:\/\/yoast.com\/wordpress\/plugins\/seo\/ -->\n<meta name=\"description\" content=\"Usability Lab Na E Commerce Standard 2015 - Usability LAB &#x1F947; Projektujemy rozwi\u0105zania dla biznesu w duchu user experience i z wykorzystaniem najnowszych technologii.\" \/>\n<meta name=\"robots\" content=\"index, follow\" \/>\n<link rel=\"canonical\" href=\"https:\/\/www.usability-lab.pl\/pl\/usability-lab-na-e-commerce-standard-2015\/\" \/>\n<meta property=\"og:locale\" content=\"pl_PL\" \/>\n<meta property=\"og:type\" content=\"article\" \/>\n<meta property=\"og:title\" content=\"Usability Lab Na E Commerce Standard 2015 - Usability LAB\" \/>\n<meta property=\"og:description\" content=\"Usability Lab Na E Commerce Standard 2015 - Usability LAB &#x1F947; Projektujemy rozwi\u0105zania dla biznesu w duchu user experience i z wykorzystaniem najnowszych technologii.\" \/>\n<meta property=\"og:url\" content=\"https:\/\/www.usability-lab.pl\/pl\/usability-lab-na-e-commerce-standard-2015\/\" \/>\n<meta property=\"og:site_name\" content=\"UX Design, Service Design, Product Design, Badania UX - Usability LAB\" \/>\n<meta property=\"article:published_time\" content=\"2015-09-04T07:48:36+00:00\" \/>\n<meta property=\"article:modified_time\" content=\"2020-10-21T06:48:32+00:00\" \/>\n<meta property=\"og:image\" content=\"https:\/\/www.usability-lab.pl\/wp-content\/uploads\/grafika-glowna.jpg\" \/>\n\t<meta property=\"og:image:width\" content=\"445\" \/>\n\t<meta property=\"og:image:height\" content=\"305\" \/>\n<meta name=\"twitter:card\" content=\"summary_large_image\" \/>\n<meta name=\"twitter:label1\" content=\"Napisane przez\" \/>\n\t<meta name=\"twitter:data1\" content=\"Hanna Nielacna\" \/>\n\t<meta name=\"twitter:label2\" content=\"Szacowany czas czytania\" \/>\n\t<meta name=\"twitter:data2\" content=\"2 minuty\" \/>\n<script type=\"application\/ld+json\" class=\"yoast-schema-graph\">{\"@context\":\"https:\/\/schema.org\",\"@graph\":[{\"@type\":\"WebSite\",\"@id\":\"https:\/\/www.usability-lab.pl\/#website\",\"url\":\"https:\/\/www.usability-lab.pl\/\",\"name\":\"UX Design, Service Design, Product Design, Badania UX - Usability LAB\",\"description\":\"Jeste\\u015bmy agencj\\u0105 UX\/Service Design. Projektujemy rozwi\\u0105zania dla biznesu wykorzystuj\\u0105c podej\\u015bcie user centered design i znajomo\\u015b\\u0107 najnowszych technologii.\",\"potentialAction\":[{\"@type\":\"SearchAction\",\"target\":{\"@type\":\"EntryPoint\",\"urlTemplate\":\"https:\/\/www.usability-lab.pl\/?s={search_term_string}\"},\"query-input\":\"required name=search_term_string\"}],\"inLanguage\":\"pl-PL\"},{\"@type\":\"ImageObject\",\"@id\":\"https:\/\/www.usability-lab.pl\/pl\/usability-lab-na-e-commerce-standard-2015\/#primaryimage\",\"inLanguage\":\"pl-PL\",\"url\":\"https:\/\/www.usability-lab.pl\/wp-content\/uploads\/grafika-glowna.jpg\",\"contentUrl\":\"https:\/\/www.usability-lab.pl\/wp-content\/uploads\/grafika-glowna.jpg\",\"width\":445,\"height\":305,\"caption\":\"Usability Lab Na E Commerce Standard 2015 - Usability LAB\"},{\"@type\":\"WebPage\",\"@id\":\"https:\/\/www.usability-lab.pl\/pl\/usability-lab-na-e-commerce-standard-2015\/#webpage\",\"url\":\"https:\/\/www.usability-lab.pl\/pl\/usability-lab-na-e-commerce-standard-2015\/\",\"name\":\"Usability Lab Na E Commerce Standard 2015 - Usability LAB\",\"isPartOf\":{\"@id\":\"https:\/\/www.usability-lab.pl\/#website\"},\"primaryImageOfPage\":{\"@id\":\"https:\/\/www.usability-lab.pl\/pl\/usability-lab-na-e-commerce-standard-2015\/#primaryimage\"},\"datePublished\":\"2015-09-04T07:48:36+00:00\",\"dateModified\":\"2020-10-21T06:48:32+00:00\",\"author\":{\"@id\":\"https:\/\/www.usability-lab.pl\/#\/schema\/person\/c2cb0cceec481d13c2cb35d7565093e4\"},\"description\":\"Usability Lab Na E Commerce Standard 2015 - Usability LAB &#x1F947; Projektujemy rozwi\\u0105zania dla biznesu w duchu user experience i z wykorzystaniem najnowszych technologii.\",\"breadcrumb\":{\"@id\":\"https:\/\/www.usability-lab.pl\/pl\/usability-lab-na-e-commerce-standard-2015\/#breadcrumb\"},\"inLanguage\":\"pl-PL\",\"potentialAction\":[{\"@type\":\"ReadAction\",\"target\":[\"https:\/\/www.usability-lab.pl\/pl\/usability-lab-na-e-commerce-standard-2015\/\"]}]},{\"@type\":\"BreadcrumbList\",\"@id\":\"https:\/\/www.usability-lab.pl\/pl\/usability-lab-na-e-commerce-standard-2015\/#breadcrumb\",\"itemListElement\":[{\"@type\":\"ListItem\",\"position\":1,\"name\":\"Usability LAB na E-commerce Standard 2015\"}]},{\"@type\":\"Person\",\"@id\":\"https:\/\/www.usability-lab.pl\/#\/schema\/person\/c2cb0cceec481d13c2cb35d7565093e4\",\"name\":\"Hanna Nielacna\",\"image\":{\"@type\":\"ImageObject\",\"@id\":\"https:\/\/www.usability-lab.pl\/#personlogo\",\"inLanguage\":\"pl-PL\",\"url\":\"https:\/\/secure.gravatar.com\/avatar\/?s=96&d=mm&r=g\",\"contentUrl\":\"https:\/\/secure.gravatar.com\/avatar\/?s=96&d=mm&r=g\",\"caption\":\"Hanna Nielacna\"}}]}<\/script>\n<!-- \/ Yoast SEO plugin. -->","yoast_head_json":{"description":"Usability Lab Na E Commerce Standard 2015 - Usability LAB &#x1F947; Projektujemy rozwi\u0105zania dla biznesu w duchu user experience i z wykorzystaniem najnowszych technologii.","robots":{"index":"index","follow":"follow"},"canonical":"https:\/\/www.usability-lab.pl\/pl\/usability-lab-na-e-commerce-standard-2015\/","og_locale":"pl_PL","og_type":"article","og_title":"Usability Lab Na E Commerce Standard 2015 - Usability LAB","og_description":"Usability Lab Na E Commerce Standard 2015 - Usability LAB &#x1F947; Projektujemy rozwi\u0105zania dla biznesu w duchu user experience i z wykorzystaniem najnowszych technologii.","og_url":"https:\/\/www.usability-lab.pl\/pl\/usability-lab-na-e-commerce-standard-2015\/","og_site_name":"UX Design, Service Design, Product Design, Badania UX - Usability LAB","article_published_time":"2015-09-04T07:48:36+00:00","article_modified_time":"2020-10-21T06:48:32+00:00","og_image":[{"width":445,"height":305,"url":"https:\/\/www.usability-lab.pl\/wp-content\/uploads\/grafika-glowna.jpg","path":"\/home\/hcdzpsd\/www\/wp-content\/uploads\/grafika-glowna.jpg","size":"full","id":"3612","alt":"Usability Lab Na E Commerce Standard 2015 - Usability LAB","pixels":135725,"type":"image\/jpeg"}],"twitter_card":"summary_large_image","twitter_misc":{"Napisane przez":"Hanna Nielacna","Szacowany czas czytania":"2 minuty"},"schema":{"@context":"https:\/\/schema.org","@graph":[{"@type":"WebSite","@id":"https:\/\/www.usability-lab.pl\/#website","url":"https:\/\/www.usability-lab.pl\/","name":"UX Design, Service Design, Product Design, Badania UX - Usability LAB","description":"Jeste\u015bmy agencj\u0105 UX\/Service Design. Projektujemy rozwi\u0105zania dla biznesu wykorzystuj\u0105c podej\u015bcie user centered design i znajomo\u015b\u0107 najnowszych technologii.","potentialAction":[{"@type":"SearchAction","target":{"@type":"EntryPoint","urlTemplate":"https:\/\/www.usability-lab.pl\/?s={search_term_string}"},"query-input":"required name=search_term_string"}],"inLanguage":"pl-PL"},{"@type":"ImageObject","@id":"https:\/\/www.usability-lab.pl\/pl\/usability-lab-na-e-commerce-standard-2015\/#primaryimage","inLanguage":"pl-PL","url":"https:\/\/www.usability-lab.pl\/wp-content\/uploads\/grafika-glowna.jpg","contentUrl":"https:\/\/www.usability-lab.pl\/wp-content\/uploads\/grafika-glowna.jpg","width":445,"height":305,"caption":"Usability Lab Na E Commerce Standard 2015 - Usability LAB"},{"@type":"WebPage","@id":"https:\/\/www.usability-lab.pl\/pl\/usability-lab-na-e-commerce-standard-2015\/#webpage","url":"https:\/\/www.usability-lab.pl\/pl\/usability-lab-na-e-commerce-standard-2015\/","name":"Usability Lab Na E Commerce Standard 2015 - Usability LAB","isPartOf":{"@id":"https:\/\/www.usability-lab.pl\/#website"},"primaryImageOfPage":{"@id":"https:\/\/www.usability-lab.pl\/pl\/usability-lab-na-e-commerce-standard-2015\/#primaryimage"},"datePublished":"2015-09-04T07:48:36+00:00","dateModified":"2020-10-21T06:48:32+00:00","author":{"@id":"https:\/\/www.usability-lab.pl\/#\/schema\/person\/c2cb0cceec481d13c2cb35d7565093e4"},"description":"Usability Lab Na E Commerce Standard 2015 - Usability LAB &#x1F947; Projektujemy rozwi\u0105zania dla biznesu w duchu user experience i z wykorzystaniem najnowszych technologii.","breadcrumb":{"@id":"https:\/\/www.usability-lab.pl\/pl\/usability-lab-na-e-commerce-standard-2015\/#breadcrumb"},"inLanguage":"pl-PL","potentialAction":[{"@type":"ReadAction","target":["https:\/\/www.usability-lab.pl\/pl\/usability-lab-na-e-commerce-standard-2015\/"]}]},{"@type":"BreadcrumbList","@id":"https:\/\/www.usability-lab.pl\/pl\/usability-lab-na-e-commerce-standard-2015\/#breadcrumb","itemListElement":[{"@type":"ListItem","position":1,"name":"Usability LAB na E-commerce Standard 2015"}]},{"@type":"Person","@id":"https:\/\/www.usability-lab.pl\/#\/schema\/person\/c2cb0cceec481d13c2cb35d7565093e4","name":"Hanna Nielacna","image":{"@type":"ImageObject","@id":"https:\/\/www.usability-lab.pl\/#personlogo","inLanguage":"pl-PL","url":"https:\/\/secure.gravatar.com\/avatar\/?s=96&d=mm&r=g","contentUrl":"https:\/\/secure.gravatar.com\/avatar\/?s=96&d=mm&r=g","caption":"Hanna Nielacna"}}]}},"_links":{"self":[{"href":"https:\/\/www.usability-lab.pl\/pl\/wp-json\/wp\/v2\/posts\/3596"}],"collection":[{"href":"https:\/\/www.usability-lab.pl\/pl\/wp-json\/wp\/v2\/posts"}],"about":[{"href":"https:\/\/www.usability-lab.pl\/pl\/wp-json\/wp\/v2\/types\/post"}],"author":[{"embeddable":true,"href":"https:\/\/www.usability-lab.pl\/pl\/wp-json\/wp\/v2\/users\/7"}],"replies":[{"embeddable":true,"href":"https:\/\/www.usability-lab.pl\/pl\/wp-json\/wp\/v2\/comments?post=3596"}],"version-history":[{"count":4,"href":"https:\/\/www.usability-lab.pl\/pl\/wp-json\/wp\/v2\/posts\/3596\/revisions"}],"predecessor-version":[{"id":7134,"href":"https:\/\/www.usability-lab.pl\/pl\/wp-json\/wp\/v2\/posts\/3596\/revisions\/7134"}],"wp:featuredmedia":[{"embeddable":true,"href":"https:\/\/www.usability-lab.pl\/pl\/wp-json\/wp\/v2\/media\/3612"}],"wp:attachment":[{"href":"https:\/\/www.usability-lab.pl\/pl\/wp-json\/wp\/v2\/media?parent=3596"}],"wp:term":[{"taxonomy":"category","embeddable":true,"href":"https:\/\/www.usability-lab.pl\/pl\/wp-json\/wp\/v2\/categories?post=3596"},{"taxonomy":"post_tag","embeddable":true,"href":"https:\/\/www.usability-lab.pl\/pl\/wp-json\/wp\/v2\/tags?post=3596"}],"curies":[{"name":"wp","href":"https:\/\/api.w.org\/{rel}","templated":true}]}}