{"id":3690,"date":"2015-11-09T11:13:58","date_gmt":"2015-11-09T10:13:58","guid":{"rendered":"http:\/\/www.usability-lab.pl\/?p=3690"},"modified":"2020-10-21T09:41:12","modified_gmt":"2020-10-21T07:41:12","slug":"wpadnij-do-wroclawia-na-swiatowy-dzien-uzytecznosci","status":"publish","type":"post","link":"https:\/\/www.usability-lab.pl\/pl\/wpadnij-do-wroclawia-na-swiatowy-dzien-uzytecznosci\/","title":{"rendered":"Wpadnij do Wroc\u0142awia na \u015awiatowy Dzie\u0144 U\u017cyteczno\u015bci!"},"content":{"rendered":"<p>W ramach World Usability Day ju\u017c w najbli\u017csz\u0105 sobot\u0119 (tj. 14.11.2015) na wroc\u0142awskim wydziale Uniwersytetu SWPS odb\u0119dzie si\u0119 konferencja naukowa po\u015bwi\u0119cona nowym technologiom. Jednym z prelegent\u00f3w b\u0119dzie Jacek Popko, dyrektor zarz\u0105dzaj\u0105cy <a href=\"https:\/\/www.usability-lab.pl\/\">Usability LAB<\/a>.<!--more--><\/p>\n<p style=\"text-align: center;\"><a href=\"https:\/\/usability-lab.pl\/wp-content\/uploads\/wpisWUD-G1.jpg\"><img loading=\"lazy\" class=\"alignnone wp-image-3707 size-full\" src=\"https:\/\/www.usability-lab.pl\/wp-content\/uploads\/wpisWUD-G1.jpg\" alt=\"Wpadnij do Wroc\u0142awia na \u015awiatowy Dzie\u0144 U\u017cyteczno\u015bci - Usability LAB\" width=\"445\" height=\"305\" srcset=\"https:\/\/www.usability-lab.pl\/wp-content\/uploads\/wpisWUD-G1.jpg 445w, https:\/\/www.usability-lab.pl\/wp-content\/uploads\/wpisWUD-G1-300x206.jpg 300w\" sizes=\"(max-width: 445px) 100vw, 445px\" \/><\/a><\/p>\n<p>W roku 2015 WUD odbywa si\u0119 ju\u017c po raz 10. Motywem przewodnim konferencji na ca\u0142ym \u015bwiecie jest poj\u0119cie \u201einnowacja\u201d.<br \/>\n<i>\u201e(\u2026) innowacje dotycz\u0105 przede wszystkim wynalazk\u00f3w, zmian w produktach i us\u0142ugach, kt\u00f3re maj\u0105 na celu ulepszenie aktualnej sytuacji, ale tak\u017ce kreatywne rozwi\u0105zywanie znanych ju\u017c problem\u00f3w. Innowacje w UX oznaczaj\u0105, \u017ce ludzie mog\u0105 robi\u0107 dok\u0142adnie to, co chc\u0105 i czego potrzebuj\u0105 za pomoc\u0105 technologii, produkt\u00f3w i us\u0142ug, kt\u00f3re wzbogacaj\u0105 ich do\u015bwiadczenia<\/i>\u201d \u2013 czytamy na stronie organizator\u00f3w dolno\u015bl\u0105skiej edycji World Usability Day.<\/p>\n<figure id=\"attachment_3696\" aria-describedby=\"caption-attachment-3696\" style=\"width: 680px\" class=\"wp-caption alignnone\"><img loading=\"lazy\" class=\"wp-image-3696 size-full\" title=\"World Usability Day\" src=\"https:\/\/www.usability-lab.pl\/wp-content\/uploads\/wpisWUD-W-2.jpg\" alt=\"Wpadnij do Wroc\u0142awia na \u015awiatowy Dzie\u0144 U\u017cyteczno\u015bci - Usability LAB\" width=\"680\" height=\"451\" srcset=\"https:\/\/www.usability-lab.pl\/wp-content\/uploads\/wpisWUD-W-2.jpg 680w, https:\/\/www.usability-lab.pl\/wp-content\/uploads\/wpisWUD-W-2-300x199.jpg 300w\" sizes=\"(max-width: 680px) 100vw, 680px\" \/><figcaption id=\"caption-attachment-3696\" class=\"wp-caption-text\"><em>Rys. 1. My\u015bl przewodnia konferencji: &#8222;W przestrzeni informacji&#8221;<\/em><\/figcaption><\/figure>\n<h2>World Usability Day na Uniwersytecie SWPS<\/h2>\n<p>WUD to wa\u017cne wydarzenie dla wszystkich os\u00f3b interesuj\u0105cych si\u0119, najpro\u015bciej m\u00f3wi\u0105c, wp\u0142ywem nowoczesnych technologii na nasze codzienne \u017cycie. Konferencje, serie wyk\u0142ad\u00f3w, prelekcji i warsztat\u00f3w, jakie si\u0119 w tym czasie odbywaj\u0105, to \u015bwietna okazja do tego, \u017ceby poszerzy\u0107 wiedz\u0119 w zakresie usability i dowiedzie\u0107 si\u0119, w jaki spos\u00f3b projektuje si\u0119 produkty oraz us\u0142ugi przyjazne u\u017cytkownikom. Jakie s\u0105 obecne trendy i tendencje, a co b\u0119dzie modne w nadchodz\u0105cym roku?<\/p>\n<p>\u015awiatowy Dzie\u0144 U\u017cyteczno\u015bci\u00a0 to r\u00f3wnie\u017c doskona\u0142a okazja do tego, \u017ceby w jednym miejscu i w tym samym czasie spotkali si\u0119 specjali\u015bci od u\u017cyteczno\u015bci, web i ux designerzy, projektanci IT, naukowcy, a tak\u017ce studenci oraz zwykli pasjonaci nowoczesnych technologii i wymienili swoje do\u015bwiadczenia zwi\u0105zane z usability.<\/p>\n<p>Konferencja na wroc\u0142awskim SWPS-ie to nie tylko wiedza teoretyczna, ale przede wszystkim praktyka. Prelegenci zaserwuj\u0105 uczestnikom gar\u015b\u0107 u\u017cytecznych case studies firm, a tak\u017ce poprowadz\u0105 warsztaty po\u015bwi\u0119cone m.in. projektowaniu us\u0142ug.<br \/>\n<b><\/b><\/p>\n<h2>Kogo zobaczymy we Wroc\u0142awiu?<\/h2>\n<p>W\u015br\u00f3d prelegent\u00f3w, jakich b\u0119dzie mo\u017cna spotka\u0107 na konferencji, s\u0105 m.in.: Tomasz Karwatka, prezes zarz\u0105du Divante \u2013 cz\u0142owiek, kt\u00f3ry wsp\u00f3\u0142organizowa\u0142 pierwszy w Polsce WUD, Krzysztof Podruczny z Allegro (projektant aplikacji i badacz u\u017cyteczno\u015bci), Maciej Rudzi\u0144ski \u2013 jeden z pierwszych neurokognitywist\u00f3w, za\u0142o\u017cyciel firmy Brain Tracking oraz <a href=\"https:\/\/www.facebook.com\/WUDnaUSWPSWroclaw\/photos\/a.195939347405374.1073741828.192518271080815\/197997303866245\/?type=3&amp;fref=nf\">Jacek Popko<\/a>, kt\u00f3ry poprowadzi wyk\u0142ad pt. \u201eTrudny klient czy trudny UX?\u201d.<br \/>\nJacek, jako do\u015bwiadczony UXowiec, odpowie na dwa pytania, kt\u00f3re z pewno\u015bci\u0105 dotycz\u0105 ka\u017cdego, kto zajmowa\u0142 si\u0119 projektowaniem u\u017cytecznych rozwi\u0105za\u0144 dla klient\u00f3w. Wsp\u00f3\u0142praca pracownik\u00f3w agencji z klientami nie zawsze pod\u0105\u017ca w tym samym kierunku, dlatego warto zastanowi\u0107 si\u0119 nad nast\u0119puj\u0105cymi kwestiami:<\/p>\n<ul>\n<li>Co frustruje klient\u00f3w agencji UX?<\/li>\n<\/ul>\n<ul>\n<li>Co irytuje UX-owc\u00f3w we wsp\u00f3\u0142pracy z klientem?<\/li>\n<\/ul>\n<p>Z tak\u0105 wiedz\u0105 na pewno \u0142atwiej b\u0119dzie zapobiec negatywnym emocjom, kt\u00f3re mog\u0105 si\u0119 ewentualnie podczas wsp\u00f3\u0142pracy pojawi\u0107&#8230;<\/p>\n<p>Konferencja zaczyna si\u0119 o godz. 10.00. Wst\u0119p jest wolny (wcze\u015bniej trzeba jedynie wype\u0142ni\u0107 formularz zg\u0142oszeniowy). Do zobaczenia!<\/p>\n<p><em><strong>Czytaj wi\u0119cej:<\/strong><\/em><br \/>\n<span style=\"color: #007fac;\"><a style=\"color: #007fac;\" href=\"https:\/\/www.usability-lab.pl\/pl\/stworz-produkt-idealny-projektuj-z-mysla-o-user-experience-i-pracuj-zespolowo\"><em>&#8222;Stw\u00f3rz produkt idealny! Projektuj z my\u015bl\u0105 o user experience i pracuj zespo\u0142owo!&#8221;<\/em><\/a><\/span><br \/>\n<span style=\"color: #007fac;\"><a style=\"color: #007fac;\" href=\"https:\/\/www.usability-lab.pl\/pl\/testy-uzytecznosci-dlaczego-warto-o-nie-walczyc\"><em>&#8222;Testy u\u017cyteczno\u015bci: dlaczego warto o nie walczy\u0107?&#8221;<\/em><\/a><\/span><\/p>\n","protected":false},"excerpt":{"rendered":"<p>W ramach World Usability Day ju\u017c w najbli\u017csz\u0105 sobot\u0119 (tj. 14.11.2015) na wroc\u0142awskim wydziale Uniwersytetu&#8230; <a href=\"https:\/\/www.usability-lab.pl\/pl\/wpadnij-do-wroclawia-na-swiatowy-dzien-uzytecznosci\/\" class=\"btn-excerpt more-link\" title=\"Wpadnij do Wroc\u0142awia na \u015awiatowy Dzie\u0144 U\u017cyteczno\u015bci!\">Wi\u0119cej<span class=\"meta-nav\">&rarr;<\/span><\/a><\/p>\n","protected":false},"author":7,"featured_media":3707,"comment_status":"open","ping_status":"open","sticky":false,"template":"","format":"standard","meta":[],"categories":[155],"tags":[161],"yoast_head":"<!-- This site is optimized with the Yoast SEO plugin v16.9 - https:\/\/yoast.com\/wordpress\/plugins\/seo\/ -->\n<meta name=\"description\" content=\"Wpadnij do Wroc\u0142awia na \u015awiatowy Dzie\u0144 U\u017cyteczno\u015bci - Usability LAB &#x1F947; Projektujemy rozwi\u0105zania dla biznesu w duchu user experience i z wykorzystaniem najnowszych technologii.\" \/>\n<meta name=\"robots\" content=\"index, follow\" \/>\n<link rel=\"canonical\" href=\"https:\/\/www.usability-lab.pl\/pl\/wpadnij-do-wroclawia-na-swiatowy-dzien-uzytecznosci\/\" \/>\n<meta property=\"og:locale\" content=\"pl_PL\" \/>\n<meta property=\"og:type\" content=\"article\" \/>\n<meta property=\"og:title\" content=\"Wpadnij do Wroc\u0142awia na \u015awiatowy Dzie\u0144 U\u017cyteczno\u015bci - Usability LAB\" \/>\n<meta property=\"og:description\" content=\"Wpadnij do Wroc\u0142awia na \u015awiatowy Dzie\u0144 U\u017cyteczno\u015bci - Usability LAB &#x1F947; Projektujemy rozwi\u0105zania dla biznesu w duchu user experience i z wykorzystaniem najnowszych technologii.\" \/>\n<meta property=\"og:url\" content=\"https:\/\/www.usability-lab.pl\/pl\/wpadnij-do-wroclawia-na-swiatowy-dzien-uzytecznosci\/\" \/>\n<meta property=\"og:site_name\" content=\"UX Design, Service Design, Product Design, Badania UX - Usability LAB\" \/>\n<meta property=\"article:published_time\" content=\"2015-11-09T10:13:58+00:00\" \/>\n<meta property=\"article:modified_time\" content=\"2020-10-21T07:41:12+00:00\" \/>\n<meta property=\"og:image\" content=\"https:\/\/www.usability-lab.pl\/wp-content\/uploads\/wpisWUD-G1.jpg\" \/>\n\t<meta property=\"og:image:width\" content=\"445\" \/>\n\t<meta property=\"og:image:height\" content=\"305\" \/>\n<meta name=\"twitter:card\" content=\"summary_large_image\" \/>\n<meta name=\"twitter:label1\" content=\"Napisane przez\" \/>\n\t<meta name=\"twitter:data1\" content=\"Hanna Nielacna\" \/>\n\t<meta name=\"twitter:label2\" content=\"Szacowany czas czytania\" \/>\n\t<meta name=\"twitter:data2\" content=\"3 minuty\" \/>\n<script type=\"application\/ld+json\" class=\"yoast-schema-graph\">{\"@context\":\"https:\/\/schema.org\",\"@graph\":[{\"@type\":\"WebSite\",\"@id\":\"https:\/\/www.usability-lab.pl\/#website\",\"url\":\"https:\/\/www.usability-lab.pl\/\",\"name\":\"UX Design, Service Design, Product Design, Badania UX - Usability LAB\",\"description\":\"Jeste\\u015bmy agencj\\u0105 UX\/Service Design. Projektujemy rozwi\\u0105zania dla biznesu wykorzystuj\\u0105c podej\\u015bcie user centered design i znajomo\\u015b\\u0107 najnowszych technologii.\",\"potentialAction\":[{\"@type\":\"SearchAction\",\"target\":{\"@type\":\"EntryPoint\",\"urlTemplate\":\"https:\/\/www.usability-lab.pl\/?s={search_term_string}\"},\"query-input\":\"required name=search_term_string\"}],\"inLanguage\":\"pl-PL\"},{\"@type\":\"ImageObject\",\"@id\":\"https:\/\/www.usability-lab.pl\/pl\/wpadnij-do-wroclawia-na-swiatowy-dzien-uzytecznosci\/#primaryimage\",\"inLanguage\":\"pl-PL\",\"url\":\"https:\/\/www.usability-lab.pl\/wp-content\/uploads\/wpisWUD-G1.jpg\",\"contentUrl\":\"https:\/\/www.usability-lab.pl\/wp-content\/uploads\/wpisWUD-G1.jpg\",\"width\":445,\"height\":305,\"caption\":\"Wpadnij do Wroc\\u0142awia na \\u015awiatowy Dzie\\u0144 U\\u017cyteczno\\u015bci - Usability LAB\"},{\"@type\":\"WebPage\",\"@id\":\"https:\/\/www.usability-lab.pl\/pl\/wpadnij-do-wroclawia-na-swiatowy-dzien-uzytecznosci\/#webpage\",\"url\":\"https:\/\/www.usability-lab.pl\/pl\/wpadnij-do-wroclawia-na-swiatowy-dzien-uzytecznosci\/\",\"name\":\"Wpadnij do Wroc\\u0142awia na \\u015awiatowy Dzie\\u0144 U\\u017cyteczno\\u015bci - Usability LAB\",\"isPartOf\":{\"@id\":\"https:\/\/www.usability-lab.pl\/#website\"},\"primaryImageOfPage\":{\"@id\":\"https:\/\/www.usability-lab.pl\/pl\/wpadnij-do-wroclawia-na-swiatowy-dzien-uzytecznosci\/#primaryimage\"},\"datePublished\":\"2015-11-09T10:13:58+00:00\",\"dateModified\":\"2020-10-21T07:41:12+00:00\",\"author\":{\"@id\":\"https:\/\/www.usability-lab.pl\/#\/schema\/person\/c2cb0cceec481d13c2cb35d7565093e4\"},\"description\":\"Wpadnij do Wroc\\u0142awia na \\u015awiatowy Dzie\\u0144 U\\u017cyteczno\\u015bci - Usability LAB &#x1F947; Projektujemy rozwi\\u0105zania dla biznesu w duchu user experience i z wykorzystaniem najnowszych technologii.\",\"breadcrumb\":{\"@id\":\"https:\/\/www.usability-lab.pl\/pl\/wpadnij-do-wroclawia-na-swiatowy-dzien-uzytecznosci\/#breadcrumb\"},\"inLanguage\":\"pl-PL\",\"potentialAction\":[{\"@type\":\"ReadAction\",\"target\":[\"https:\/\/www.usability-lab.pl\/pl\/wpadnij-do-wroclawia-na-swiatowy-dzien-uzytecznosci\/\"]}]},{\"@type\":\"BreadcrumbList\",\"@id\":\"https:\/\/www.usability-lab.pl\/pl\/wpadnij-do-wroclawia-na-swiatowy-dzien-uzytecznosci\/#breadcrumb\",\"itemListElement\":[{\"@type\":\"ListItem\",\"position\":1,\"name\":\"Wpadnij do Wroc\\u0142awia na \\u015awiatowy Dzie\\u0144 U\\u017cyteczno\\u015bci!\"}]},{\"@type\":\"Person\",\"@id\":\"https:\/\/www.usability-lab.pl\/#\/schema\/person\/c2cb0cceec481d13c2cb35d7565093e4\",\"name\":\"Hanna Nielacna\",\"image\":{\"@type\":\"ImageObject\",\"@id\":\"https:\/\/www.usability-lab.pl\/#personlogo\",\"inLanguage\":\"pl-PL\",\"url\":\"https:\/\/secure.gravatar.com\/avatar\/?s=96&d=mm&r=g\",\"contentUrl\":\"https:\/\/secure.gravatar.com\/avatar\/?s=96&d=mm&r=g\",\"caption\":\"Hanna Nielacna\"}}]}<\/script>\n<!-- \/ Yoast SEO plugin. -->","yoast_head_json":{"description":"Wpadnij do Wroc\u0142awia na \u015awiatowy Dzie\u0144 U\u017cyteczno\u015bci - Usability LAB &#x1F947; Projektujemy rozwi\u0105zania dla biznesu w duchu user experience i z wykorzystaniem najnowszych technologii.","robots":{"index":"index","follow":"follow"},"canonical":"https:\/\/www.usability-lab.pl\/pl\/wpadnij-do-wroclawia-na-swiatowy-dzien-uzytecznosci\/","og_locale":"pl_PL","og_type":"article","og_title":"Wpadnij do Wroc\u0142awia na \u015awiatowy Dzie\u0144 U\u017cyteczno\u015bci - Usability LAB","og_description":"Wpadnij do Wroc\u0142awia na \u015awiatowy Dzie\u0144 U\u017cyteczno\u015bci - Usability LAB &#x1F947; Projektujemy rozwi\u0105zania dla biznesu w duchu user experience i z wykorzystaniem najnowszych technologii.","og_url":"https:\/\/www.usability-lab.pl\/pl\/wpadnij-do-wroclawia-na-swiatowy-dzien-uzytecznosci\/","og_site_name":"UX Design, Service Design, Product Design, Badania UX - Usability LAB","article_published_time":"2015-11-09T10:13:58+00:00","article_modified_time":"2020-10-21T07:41:12+00:00","og_image":[{"width":445,"height":305,"url":"https:\/\/www.usability-lab.pl\/wp-content\/uploads\/wpisWUD-G1.jpg","path":"\/home\/hcdzpsd\/www\/wp-content\/uploads\/wpisWUD-G1.jpg","size":"full","id":"3707","alt":"Wpadnij do Wroc\u0142awia na \u015awiatowy Dzie\u0144 U\u017cyteczno\u015bci - Usability LAB","pixels":135725,"type":"image\/jpeg"}],"twitter_card":"summary_large_image","twitter_misc":{"Napisane przez":"Hanna Nielacna","Szacowany czas czytania":"3 minuty"},"schema":{"@context":"https:\/\/schema.org","@graph":[{"@type":"WebSite","@id":"https:\/\/www.usability-lab.pl\/#website","url":"https:\/\/www.usability-lab.pl\/","name":"UX Design, Service Design, Product Design, Badania UX - Usability LAB","description":"Jeste\u015bmy agencj\u0105 UX\/Service Design. Projektujemy rozwi\u0105zania dla biznesu wykorzystuj\u0105c podej\u015bcie user centered design i znajomo\u015b\u0107 najnowszych technologii.","potentialAction":[{"@type":"SearchAction","target":{"@type":"EntryPoint","urlTemplate":"https:\/\/www.usability-lab.pl\/?s={search_term_string}"},"query-input":"required name=search_term_string"}],"inLanguage":"pl-PL"},{"@type":"ImageObject","@id":"https:\/\/www.usability-lab.pl\/pl\/wpadnij-do-wroclawia-na-swiatowy-dzien-uzytecznosci\/#primaryimage","inLanguage":"pl-PL","url":"https:\/\/www.usability-lab.pl\/wp-content\/uploads\/wpisWUD-G1.jpg","contentUrl":"https:\/\/www.usability-lab.pl\/wp-content\/uploads\/wpisWUD-G1.jpg","width":445,"height":305,"caption":"Wpadnij do Wroc\u0142awia na \u015awiatowy Dzie\u0144 U\u017cyteczno\u015bci - Usability LAB"},{"@type":"WebPage","@id":"https:\/\/www.usability-lab.pl\/pl\/wpadnij-do-wroclawia-na-swiatowy-dzien-uzytecznosci\/#webpage","url":"https:\/\/www.usability-lab.pl\/pl\/wpadnij-do-wroclawia-na-swiatowy-dzien-uzytecznosci\/","name":"Wpadnij do Wroc\u0142awia na \u015awiatowy Dzie\u0144 U\u017cyteczno\u015bci - Usability LAB","isPartOf":{"@id":"https:\/\/www.usability-lab.pl\/#website"},"primaryImageOfPage":{"@id":"https:\/\/www.usability-lab.pl\/pl\/wpadnij-do-wroclawia-na-swiatowy-dzien-uzytecznosci\/#primaryimage"},"datePublished":"2015-11-09T10:13:58+00:00","dateModified":"2020-10-21T07:41:12+00:00","author":{"@id":"https:\/\/www.usability-lab.pl\/#\/schema\/person\/c2cb0cceec481d13c2cb35d7565093e4"},"description":"Wpadnij do Wroc\u0142awia na \u015awiatowy Dzie\u0144 U\u017cyteczno\u015bci - Usability LAB &#x1F947; Projektujemy rozwi\u0105zania dla biznesu w duchu user experience i z wykorzystaniem najnowszych technologii.","breadcrumb":{"@id":"https:\/\/www.usability-lab.pl\/pl\/wpadnij-do-wroclawia-na-swiatowy-dzien-uzytecznosci\/#breadcrumb"},"inLanguage":"pl-PL","potentialAction":[{"@type":"ReadAction","target":["https:\/\/www.usability-lab.pl\/pl\/wpadnij-do-wroclawia-na-swiatowy-dzien-uzytecznosci\/"]}]},{"@type":"BreadcrumbList","@id":"https:\/\/www.usability-lab.pl\/pl\/wpadnij-do-wroclawia-na-swiatowy-dzien-uzytecznosci\/#breadcrumb","itemListElement":[{"@type":"ListItem","position":1,"name":"Wpadnij do Wroc\u0142awia na \u015awiatowy Dzie\u0144 U\u017cyteczno\u015bci!"}]},{"@type":"Person","@id":"https:\/\/www.usability-lab.pl\/#\/schema\/person\/c2cb0cceec481d13c2cb35d7565093e4","name":"Hanna Nielacna","image":{"@type":"ImageObject","@id":"https:\/\/www.usability-lab.pl\/#personlogo","inLanguage":"pl-PL","url":"https:\/\/secure.gravatar.com\/avatar\/?s=96&d=mm&r=g","contentUrl":"https:\/\/secure.gravatar.com\/avatar\/?s=96&d=mm&r=g","caption":"Hanna Nielacna"}}]}},"_links":{"self":[{"href":"https:\/\/www.usability-lab.pl\/pl\/wp-json\/wp\/v2\/posts\/3690"}],"collection":[{"href":"https:\/\/www.usability-lab.pl\/pl\/wp-json\/wp\/v2\/posts"}],"about":[{"href":"https:\/\/www.usability-lab.pl\/pl\/wp-json\/wp\/v2\/types\/post"}],"author":[{"embeddable":true,"href":"https:\/\/www.usability-lab.pl\/pl\/wp-json\/wp\/v2\/users\/7"}],"replies":[{"embeddable":true,"href":"https:\/\/www.usability-lab.pl\/pl\/wp-json\/wp\/v2\/comments?post=3690"}],"version-history":[{"count":4,"href":"https:\/\/www.usability-lab.pl\/pl\/wp-json\/wp\/v2\/posts\/3690\/revisions"}],"predecessor-version":[{"id":7171,"href":"https:\/\/www.usability-lab.pl\/pl\/wp-json\/wp\/v2\/posts\/3690\/revisions\/7171"}],"wp:featuredmedia":[{"embeddable":true,"href":"https:\/\/www.usability-lab.pl\/pl\/wp-json\/wp\/v2\/media\/3707"}],"wp:attachment":[{"href":"https:\/\/www.usability-lab.pl\/pl\/wp-json\/wp\/v2\/media?parent=3690"}],"wp:term":[{"taxonomy":"category","embeddable":true,"href":"https:\/\/www.usability-lab.pl\/pl\/wp-json\/wp\/v2\/categories?post=3690"},{"taxonomy":"post_tag","embeddable":true,"href":"https:\/\/www.usability-lab.pl\/pl\/wp-json\/wp\/v2\/tags?post=3690"}],"curies":[{"name":"wp","href":"https:\/\/api.w.org\/{rel}","templated":true}]}}